{"id":113337,"date":"2025-12-22T00:54:07","date_gmt":"2025-12-22T00:54:07","guid":{"rendered":"https:\/\/www.europesays.com\/se\/113337\/"},"modified":"2025-12-22T00:54:07","modified_gmt":"2025-12-22T00:54:07","slug":"har-drar-snattaren-pistol-mot-polisen-varlden","status":"publish","type":"post","link":"https:\/\/www.europesays.com\/se\/113337\/","title":{"rendered":"H\u00e4r drar snattaren pistol mot polisen | V\u00e4rlden"},"content":{"rendered":"<p>Publicerad 22 dec 2025 kl 01.24<\/p>\n<p>Snattaren Shane Newman, 21, drog pistol och f\u00f6rs\u00f6kte skjuta polismannen n\u00e4r han avsl\u00f6jats i butiken.<\/p>\n<p>Men pistolen avfyrades inte \u2013 och en anst\u00e4lld kastade sig \u00f6ver mannen.<\/p>\n<p>Hela det dramatiska f\u00f6rloppet filmades av polisens kroppskamera.<\/p>\n<p><img   alt=\"\"\/><\/p>\n<p>Shane Newman och Katarina Jeffrey stoppades, misst\u00e4nkta f\u00f6r att ha snattat p\u00e5 Walmart.<\/p>\n<p>Foto: Canton Police Department<\/p>\n<p>\u00d6ppna bild i helsk\u00e4rm<img loading=\"lazy\"   alt=\"\"\/><\/p>\n<p>Pl\u00f6tsligt drar Shane Newman fram en pistol och riktar den mot polismannen.<\/p>\n<p>Foto: Canton Police Department<\/p>\n<p>\u00d6ppna bild i helsk\u00e4rm<img loading=\"lazy\"   alt=\"\"\/><\/p>\n<p>En Walmart-anst\u00e4lld avv\u00e4pnade Newman.<\/p>\n<p>Foto: Canton Police Department<\/p>\n<p>\u00d6ppna bild i helsk\u00e4rm<img loading=\"lazy\"   alt=\"\"\/><\/p>\n<p>Polisen ber\u00e4ttar att Newman riktade polisen mot hans huvud och tryckte av.<\/p>\n<p>Foto: Canton Police Department<\/p>\n<p>\u00d6ppna bild i helsk\u00e4rm<\/p>\n<p>Det var i torsdags som polisen i Canton, Ohio, grep Shane Newman och Katarina Jeffrey, 23, misst\u00e4nkta f\u00f6r att ha snattat p\u00e5 en Walmart. I filmen h\u00f6rs polisen fr\u00e5ga Newman vid ett flertal tillf\u00e4llen om han har n\u00e5got p\u00e5 sig som polisen borde k\u00e4nna till. Newman nekar och s\u00e4ger att han bara har sin telefon och en liten beh\u00e5llare som han ger till polisen. Beh\u00e5llaren inneh\u00f6ll illegala droger, enligt utredarna, uppger <a href=\"https:\/\/fox8.com\/news\/video-shoplifting-suspect-tries-to-shoot-canton-officer-worker-pulls-gun-away-from-him\/\" rel=\"nofollow noopener\" target=\"_blank\">Fox 8<\/a>. Jeffrey fr\u00e5gar ocks\u00e5 om de kommer att hamna i f\u00e4ngelse.<\/p>\n<p>\u2013 Inte om inget galet h\u00e4nder, svarar polisen.\u00a0<\/p>\n<p>Polisen visiterade honom och l\u00e4t honom s\u00e4tta sig bredvid Jeffrey.<\/p>\n<p>Newman var efterlyst<\/p>\n<p>Kort senare v\u00e4nde han sig om \u2013 och drog fram en pistol och riktade den mot polismannen. N\u00e4r Newman drar pistolen h\u00f6rs Jeffrey chockat skrika nej flera g\u00e5nger, samtidigt som en anst\u00e4lld p\u00e5 butiken kastade sig \u00f6ver honom och lyckades ta pistolen.\u00a0<\/p>\n<p>Polisen ber\u00e4ttade senare f\u00f6r sina chefer att han bara sekunder innan Newman drog fram vapnet hade f\u00e5tt besked om att Newman var efterlyst och klassad som \u201dbev\u00e4pnad och farlig\u201d. P\u00e5 filmen s\u00e4ger polisen till en bef\u00e4lhavare:\u00a0<\/p>\n<p>\u2013 Han drar fram vapnet, riktar det mot mitt huvud och trycker av. Det avlossas inte.<\/p>\n<p>Newman misst\u00e4nks nu f\u00f6r flera brott, d\u00e4ribland mordf\u00f6rs\u00f6k, v\u00e5ld mot tj\u00e4nsteman, r\u00e5n och grovt narkotikabrott.<\/p>\n","protected":false},"excerpt":{"rendered":"Publicerad 22 dec 2025 kl 01.24 Snattaren Shane Newman, 21, drog pistol och f\u00f6rs\u00f6kte skjuta polismannen n\u00e4r han&hellip;\n","protected":false},"author":2,"featured_media":113338,"comment_status":"","ping_status":"","sticky":false,"template":"","format":"standard","meta":{"footnotes":""},"categories":[14],"tags":[22,23,26,27,17,21,24,25,12382,28,29,15,16,18,34,55,31,33,32,30,19,436,20,51,52,53,54],"class_list":{"0":"post-113337","1":"post","2":"type-post","3":"status-publish","4":"format-standard","5":"has-post-thumbnail","7":"category-varlden","8":"tag-breaking-news","9":"tag-breakingnews","10":"tag-featured-news","11":"tag-featurednews","12":"tag-headlines","13":"tag-huvudnyheter","14":"tag-latest-news","15":"tag-latestnews","16":"tag-location-ohio","17":"tag-main-news","18":"tag-mainnews","19":"tag-news","20":"tag-nyheter","21":"tag-rubriker","22":"tag-se","23":"tag-sections-varlden","24":"tag-svenska","25":"tag-sverige","26":"tag-sweden","27":"tag-swedish","28":"tag-top-stories","29":"tag-topic-valdsbrott-mord","30":"tag-topstories","31":"tag-varlden","32":"tag-world","33":"tag-world-news","34":"tag-worldnews"},"share_on_mastodon":{"url":"https:\/\/pubeurope.com\/@se\/115760494251296648","error":""},"_links":{"self":[{"href":"https:\/\/www.europesays.com\/se\/wp-json\/wp\/v2\/posts\/113337","targetHints":{"allow":["GET"]}}],"collection":[{"href":"https:\/\/www.europesays.com\/se\/wp-json\/wp\/v2\/posts"}],"about":[{"href":"https:\/\/www.europesays.com\/se\/wp-json\/wp\/v2\/types\/post"}],"author":[{"embeddable":true,"href":"https:\/\/www.europesays.com\/se\/wp-json\/wp\/v2\/users\/2"}],"replies":[{"embeddable":true,"href":"https:\/\/www.europesays.com\/se\/wp-json\/wp\/v2\/comments?post=113337"}],"version-history":[{"count":0,"href":"https:\/\/www.europesays.com\/se\/wp-json\/wp\/v2\/posts\/113337\/revisions"}],"wp:featuredmedia":[{"embeddable":true,"href":"https:\/\/www.europesays.com\/se\/wp-json\/wp\/v2\/media\/113338"}],"wp:attachment":[{"href":"https:\/\/www.europesays.com\/se\/wp-json\/wp\/v2\/media?parent=113337"}],"wp:term":[{"taxonomy":"category","embeddable":true,"href":"https:\/\/www.europesays.com\/se\/wp-json\/wp\/v2\/categories?post=113337"},{"taxonomy":"post_tag","embeddable":true,"href":"https:\/\/www.europesays.com\/se\/wp-json\/wp\/v2\/tags?post=113337"}],"curies":[{"name":"wp","href":"https:\/\/api.w.org\/{rel}","templated":true}]}}