{"id":113352,"date":"2025-12-22T02:04:29","date_gmt":"2025-12-22T02:04:29","guid":{"rendered":"https:\/\/www.europesays.com\/se\/113352\/"},"modified":"2025-12-22T02:04:29","modified_gmt":"2025-12-22T02:04:29","slug":"fredrik-lindgren-valjer-bort-sverige-for-danmark","status":"publish","type":"post","link":"https:\/\/www.europesays.com\/se\/113352\/","title":{"rendered":"Fredrik Lindgren v\u00e4ljer bort Sverige \u2013 f\u00f6r Danmark"},"content":{"rendered":"<p>Publicerad 21 dec 2025 kl 07.54Uppdaterad kl 09.55<\/p>\n<p>Beskedet skakar om Speedwaysverige. Fredrik Lindgren nobbar Sverige \u2013 i st\u00e4llet v\u00e4ljer han Danmark.<\/p>\n<p>\u2013 Jag m\u00e5ste ta det beslut som \u00e4r b\u00e4st f\u00f6r mig, s\u00e4ger han <a href=\"https:\/\/www.sverigesradio.se\/artikel\/svenske-stjarnan-valjer-danmark-fore-sverige-vill-testa-nagot-nytt\" rel=\"nofollow noopener\" target=\"_blank\">till Radiosporten<\/a>.<\/p>\n<p><img   alt=\"\"\/> <\/p>\n<p>Foto: JENS CHRISTIAN<\/p>\n<p>\u00d6ppna bild i helsk\u00e4rm<img loading=\"lazy\"   alt=\"\"\/> <\/p>\n<p>Foto: DANIEL NESTOR \/ BILDBYR\ufffdN<\/p>\n<p>\u00d6ppna bild i helsk\u00e4rm<\/p>\n<p>Fredrik Lindgren, 40, \u00e4r Sveriges st\u00f6rsta aktiva speedwaystj\u00e4rna. Den senaste s\u00e4songen k\u00f6rde han i V\u00e4stervik i den svenska ligan. Men till n\u00e4sta \u00e5r v\u00e4ljer han bort Sverige \u2013 f\u00f6r den danska ligan. 2026 kommer han k\u00f6ra i Region Varde Elitesport.<\/p>\n<p>\u2013 Det \u00e4r en liten utmaning. Jag har ju en l\u00e5ng karri\u00e4r, \u00e4r 40 \u00e5r nu, och har faktiskt aldrig k\u00f6rt i danska ligan. Det \u00e4r nya banor, nya omst\u00e4ndigheter. F\u00f6rhoppningsvis kan man l\u00e4ra sig n\u00e5got av det, s\u00e4ger han till Radiosporten.<\/p>\n<p>Vill lyfta svensk speedway<\/p>\n<p>\u2013 Jag kan till viss del f\u00f6rst\u00e5 att fansen h\u00f6jer p\u00e5 \u00f6gonbrynen. Men jag m\u00e5ste ta det beslut som jag k\u00e4nner \u00e4r r\u00e4tt f\u00f6r mig f\u00f6r tillf\u00e4llet.<\/p>\n<p>Han sticker inte under stol med att det \u00e4r VM-serien som \u00e4r han stora m\u00e5l n\u00e4sta \u00e5r. Lindgren har aldrig vunnit VM. Han har slutat tv\u00e5a hela fyra g\u00e5nger, och den g\u00e5ngna s\u00e4songen blev det en tredjeplats i tabellen, hans sj\u00e4tte tredjeplats totalt.<\/p>\n<p>\u2013 Mitt stora m\u00e5l \u00e4r att g\u00f6ra bra resultat d\u00e4r och lyfta svensk speedway genom framg\u00e5ng i VM.<\/p>\n<p><strong>L\u00c4S MER: <\/strong><a href=\"https:\/\/www.expressen.se\/sport\/motor\/tony-rickardsson-om-robert-gustafssons-imitation-bett-honom-att-sluta\/\" class=\"\" rel=\"nofollow noopener\" target=\"_blank\">Tony Rickardsson om Robert Gustafssons imitation: \u201dBett honom att sluta\u201d<\/a><\/p>\n","protected":false},"excerpt":{"rendered":"Publicerad 21 dec 2025 kl 07.54Uppdaterad kl 09.55 Beskedet skakar om Speedwaysverige. Fredrik Lindgren nobbar Sverige \u2013 i&hellip;\n","protected":false},"author":2,"featured_media":113353,"comment_status":"","ping_status":"","sticky":false,"template":"","format":"standard","meta":{"footnotes":""},"categories":[68],"tags":[34,562,111,110,31,33,32,30],"class_list":{"0":"post-113352","1":"post","2":"type-post","3":"status-publish","4":"format-standard","5":"has-post-thumbnail","7":"category-sport","8":"tag-se","9":"tag-sections-motor","10":"tag-sport","11":"tag-sports","12":"tag-svenska","13":"tag-sverige","14":"tag-sweden","15":"tag-swedish"},"share_on_mastodon":{"url":"https:\/\/pubeurope.com\/@se\/115760769513649296","error":""},"_links":{"self":[{"href":"https:\/\/www.europesays.com\/se\/wp-json\/wp\/v2\/posts\/113352","targetHints":{"allow":["GET"]}}],"collection":[{"href":"https:\/\/www.europesays.com\/se\/wp-json\/wp\/v2\/posts"}],"about":[{"href":"https:\/\/www.europesays.com\/se\/wp-json\/wp\/v2\/types\/post"}],"author":[{"embeddable":true,"href":"https:\/\/www.europesays.com\/se\/wp-json\/wp\/v2\/users\/2"}],"replies":[{"embeddable":true,"href":"https:\/\/www.europesays.com\/se\/wp-json\/wp\/v2\/comments?post=113352"}],"version-history":[{"count":0,"href":"https:\/\/www.europesays.com\/se\/wp-json\/wp\/v2\/posts\/113352\/revisions"}],"wp:featuredmedia":[{"embeddable":true,"href":"https:\/\/www.europesays.com\/se\/wp-json\/wp\/v2\/media\/113353"}],"wp:attachment":[{"href":"https:\/\/www.europesays.com\/se\/wp-json\/wp\/v2\/media?parent=113352"}],"wp:term":[{"taxonomy":"category","embeddable":true,"href":"https:\/\/www.europesays.com\/se\/wp-json\/wp\/v2\/categories?post=113352"},{"taxonomy":"post_tag","embeddable":true,"href":"https:\/\/www.europesays.com\/se\/wp-json\/wp\/v2\/tags?post=113352"}],"curies":[{"name":"wp","href":"https:\/\/api.w.org\/{rel}","templated":true}]}}