{"id":11336,"date":"2025-08-22T19:22:09","date_gmt":"2025-08-22T19:22:09","guid":{"rendered":"https:\/\/www.europesays.com\/se\/11336\/"},"modified":"2025-08-22T19:22:09","modified_gmt":"2025-08-22T19:22:09","slug":"uppgifter-zwolle-budar-pa-noel-milleskog","status":"publish","type":"post","link":"https:\/\/www.europesays.com\/se\/11336\/","title":{"rendered":"Uppgifter: Zwolle budar p\u00e5 Noel Milleskog"},"content":{"rendered":"<p><strong>Nederl\u00e4ndska Zwolle \u00e4r intresserade av <a href=\"https:\/\/fotbolldirekt.se\/spelare\/noel-milleskog\/\" rel=\"nofollow noopener\" target=\"_blank\">Noel Milleskog<\/a>.<br \/>Klubben ska ha lagt ett bud p\u00e5 svensken.<br \/>Det rapporterar Voetbal International.<\/strong><\/p>\n<p>Noel Milleskog har tidigare dragits med skador under en l\u00e4ngre tid och kom tillbaka i spel f\u00f6r drygt en m\u00e5nad sedan f\u00f6r <a href=\"https:\/\/fotbolldirekt.se\/klubb\/ik-sirius\/\" rel=\"nofollow noopener\" target=\"_blank\">Sirius<\/a>. <\/p>\n<p>Tidigare rapporterades det om att Go Ahead Eagles i nederl\u00e4ndska ligan jagar Milleskog. Nu kommer nya uppgifter fr\u00e5n Voetbal International att <strong>Zwolle har lagt ett bud p\u00e5 svensken<\/strong>.<\/p>\n<p>Det ska handla om ett l\u00e5neavtal. D\u00e4r till ska det finnas k\u00f6poption f\u00f6r Zwolle som kan k\u00f6pa loss honom fr\u00e5n Sirius n\u00e4sta sommar f\u00f6r 800 000 euro (9,2 miljoner kronor).<\/p>\n<p>Det ska \u00e4ven finnas <strong>intresse fr\u00e5n andra nederl\u00e4ndska klubbar<\/strong> och \u00e4ven tyska Schalke 04. <\/p>\n<p>Noel Milleskog st\u00e5r noterad f\u00f6r ett m\u00e5l och en assist p\u00e5 14 matcher i allsvenskan den h\u00e4r s\u00e4songen  <\/p>\n","protected":false},"excerpt":{"rendered":"Nederl\u00e4ndska Zwolle \u00e4r intresserade av Noel Milleskog.Klubben ska ha lagt ett bud p\u00e5 svensken.Det rapporterar Voetbal International. Noel&hellip;\n","protected":false},"author":2,"featured_media":11337,"comment_status":"","ping_status":"","sticky":false,"template":"","format":"standard","meta":{"footnotes":""},"categories":[68],"tags":[34,115,111,110,31,33,32,30],"class_list":{"0":"post-11336","1":"post","2":"type-post","3":"status-publish","4":"format-standard","5":"has-post-thumbnail","7":"category-sport","8":"tag-se","9":"tag-senaste-nytt-2","10":"tag-sport","11":"tag-sports","12":"tag-svenska","13":"tag-sverige","14":"tag-sweden","15":"tag-swedish"},"share_on_mastodon":{"url":"","error":""},"_links":{"self":[{"href":"https:\/\/www.europesays.com\/se\/wp-json\/wp\/v2\/posts\/11336","targetHints":{"allow":["GET"]}}],"collection":[{"href":"https:\/\/www.europesays.com\/se\/wp-json\/wp\/v2\/posts"}],"about":[{"href":"https:\/\/www.europesays.com\/se\/wp-json\/wp\/v2\/types\/post"}],"author":[{"embeddable":true,"href":"https:\/\/www.europesays.com\/se\/wp-json\/wp\/v2\/users\/2"}],"replies":[{"embeddable":true,"href":"https:\/\/www.europesays.com\/se\/wp-json\/wp\/v2\/comments?post=11336"}],"version-history":[{"count":0,"href":"https:\/\/www.europesays.com\/se\/wp-json\/wp\/v2\/posts\/11336\/revisions"}],"wp:featuredmedia":[{"embeddable":true,"href":"https:\/\/www.europesays.com\/se\/wp-json\/wp\/v2\/media\/11337"}],"wp:attachment":[{"href":"https:\/\/www.europesays.com\/se\/wp-json\/wp\/v2\/media?parent=11336"}],"wp:term":[{"taxonomy":"category","embeddable":true,"href":"https:\/\/www.europesays.com\/se\/wp-json\/wp\/v2\/categories?post=11336"},{"taxonomy":"post_tag","embeddable":true,"href":"https:\/\/www.europesays.com\/se\/wp-json\/wp\/v2\/tags?post=11336"}],"curies":[{"name":"wp","href":"https:\/\/api.w.org\/{rel}","templated":true}]}}