{"id":113368,"date":"2025-12-22T02:38:09","date_gmt":"2025-12-22T02:38:09","guid":{"rendered":"https:\/\/www.europesays.com\/se\/113368\/"},"modified":"2025-12-22T02:38:09","modified_gmt":"2025-12-22T02:38:09","slug":"minst-tolv-doda-hittade-i-guatemala","status":"publish","type":"post","link":"https:\/\/www.europesays.com\/se\/113368\/","title":{"rendered":"Minst tolv d\u00f6da hittade i Guatemala"},"content":{"rendered":"<p>share-arrowDela<\/p>\n<p>unsaveSpara<\/p>\n<p class=\"hyperion-css-1v9qo5x\">Minst tolv d\u00f6da personer har hittats under tre dagar i ett skogsomr\u00e5de i utkanterna av huvudstaden Guatemala City, uppger myndigheter. Uppt\u00e4ckten kopplas till g\u00e4ngkriminalitet.<\/p>\n<p class=\"hyperion-css-1v9qo5x\">Kropparna hade l\u00e4mnats i ett omr\u00e5de d\u00e4r kriminella ofta g\u00f6r sig av med lik, enligt brandm\u00e4n och uppgifter i lokala medier.<\/p>\n<p class=\"hyperion-css-1v9qo5x\">Inrikesdepartementet i Guatemala uppger i ett uttalande till journalister att morden kan vara kopplade till g\u00e4ng som strider om territorier.<\/p>\n","protected":false},"excerpt":{"rendered":"share-arrowDela unsaveSpara Minst tolv d\u00f6da personer har hittats under tre dagar i ett skogsomr\u00e5de i utkanterna av huvudstaden&hellip;\n","protected":false},"author":2,"featured_media":465,"comment_status":"","ping_status":"","sticky":false,"template":"","format":"standard","meta":{"footnotes":""},"categories":[14],"tags":[22,23,26,27,17,21,24,25,28,29,15,16,18,34,31,33,32,30,19,20,51,52,53,54],"class_list":{"0":"post-113368","1":"post","2":"type-post","3":"status-publish","4":"format-standard","5":"has-post-thumbnail","7":"category-varlden","8":"tag-breaking-news","9":"tag-breakingnews","10":"tag-featured-news","11":"tag-featurednews","12":"tag-headlines","13":"tag-huvudnyheter","14":"tag-latest-news","15":"tag-latestnews","16":"tag-main-news","17":"tag-mainnews","18":"tag-news","19":"tag-nyheter","20":"tag-rubriker","21":"tag-se","22":"tag-svenska","23":"tag-sverige","24":"tag-sweden","25":"tag-swedish","26":"tag-top-stories","27":"tag-topstories","28":"tag-varlden","29":"tag-world","30":"tag-world-news","31":"tag-worldnews"},"share_on_mastodon":{"url":"https:\/\/pubeurope.com\/@se\/115760903159731093","error":""},"_links":{"self":[{"href":"https:\/\/www.europesays.com\/se\/wp-json\/wp\/v2\/posts\/113368","targetHints":{"allow":["GET"]}}],"collection":[{"href":"https:\/\/www.europesays.com\/se\/wp-json\/wp\/v2\/posts"}],"about":[{"href":"https:\/\/www.europesays.com\/se\/wp-json\/wp\/v2\/types\/post"}],"author":[{"embeddable":true,"href":"https:\/\/www.europesays.com\/se\/wp-json\/wp\/v2\/users\/2"}],"replies":[{"embeddable":true,"href":"https:\/\/www.europesays.com\/se\/wp-json\/wp\/v2\/comments?post=113368"}],"version-history":[{"count":0,"href":"https:\/\/www.europesays.com\/se\/wp-json\/wp\/v2\/posts\/113368\/revisions"}],"wp:featuredmedia":[{"embeddable":true,"href":"https:\/\/www.europesays.com\/se\/wp-json\/wp\/v2\/media\/465"}],"wp:attachment":[{"href":"https:\/\/www.europesays.com\/se\/wp-json\/wp\/v2\/media?parent=113368"}],"wp:term":[{"taxonomy":"category","embeddable":true,"href":"https:\/\/www.europesays.com\/se\/wp-json\/wp\/v2\/categories?post=113368"},{"taxonomy":"post_tag","embeddable":true,"href":"https:\/\/www.europesays.com\/se\/wp-json\/wp\/v2\/tags?post=113368"}],"curies":[{"name":"wp","href":"https:\/\/api.w.org\/{rel}","templated":true}]}}