{"id":113378,"date":"2025-12-22T03:19:08","date_gmt":"2025-12-22T03:19:08","guid":{"rendered":"https:\/\/www.europesays.com\/se\/113378\/"},"modified":"2025-12-22T03:19:08","modified_gmt":"2025-12-22T03:19:08","slug":"fenomenmagasinet-oppnar-i-maj-efter-fyra-ars-paus","status":"publish","type":"post","link":"https:\/\/www.europesays.com\/se\/113378\/","title":{"rendered":"Fenomenmagasinet \u00f6ppnar i maj efter fyra \u00e5rs paus"},"content":{"rendered":"<p>De senaste \u00e5ren kan beskrivas som en form av berg- och dalbana f\u00f6r det regionala science centret i Link\u00f6ping. Under v\u00e5ren 2022 pausade Fenomenmagasinet sin verksamhet, p\u00e5 Tunnbindaregatan i hj\u00e4rtat av Gamla Link\u00f6ping, f\u00f6r att ge plats \u00e5t LasseMajas Deckarhus. Tanken var d\u00e5 att Fenomenmagasinet ist\u00e4llet skulle flytta till universitetsomr\u00e5det, men planerna gick i st\u00f6pet<\/p>\n","protected":false},"excerpt":{"rendered":"De senaste \u00e5ren kan beskrivas som en form av berg- och dalbana f\u00f6r det regionala science centret i&hellip;\n","protected":false},"author":2,"featured_media":113379,"comment_status":"","ping_status":"","sticky":false,"template":"","format":"standard","meta":{"footnotes":""},"categories":[12],"tags":[22,23,26,27,17,21,24,25,28,29,15,16,18,34,31,33,32,30,19,20],"class_list":{"0":"post-113378","1":"post","2":"type-post","3":"status-publish","4":"format-standard","5":"has-post-thumbnail","7":"category-sverige","8":"tag-breaking-news","9":"tag-breakingnews","10":"tag-featured-news","11":"tag-featurednews","12":"tag-headlines","13":"tag-huvudnyheter","14":"tag-latest-news","15":"tag-latestnews","16":"tag-main-news","17":"tag-mainnews","18":"tag-news","19":"tag-nyheter","20":"tag-rubriker","21":"tag-se","22":"tag-svenska","23":"tag-sverige","24":"tag-sweden","25":"tag-swedish","26":"tag-top-stories","27":"tag-topstories"},"share_on_mastodon":{"url":"https:\/\/pubeurope.com\/@se\/115761064383223111","error":""},"_links":{"self":[{"href":"https:\/\/www.europesays.com\/se\/wp-json\/wp\/v2\/posts\/113378","targetHints":{"allow":["GET"]}}],"collection":[{"href":"https:\/\/www.europesays.com\/se\/wp-json\/wp\/v2\/posts"}],"about":[{"href":"https:\/\/www.europesays.com\/se\/wp-json\/wp\/v2\/types\/post"}],"author":[{"embeddable":true,"href":"https:\/\/www.europesays.com\/se\/wp-json\/wp\/v2\/users\/2"}],"replies":[{"embeddable":true,"href":"https:\/\/www.europesays.com\/se\/wp-json\/wp\/v2\/comments?post=113378"}],"version-history":[{"count":0,"href":"https:\/\/www.europesays.com\/se\/wp-json\/wp\/v2\/posts\/113378\/revisions"}],"wp:featuredmedia":[{"embeddable":true,"href":"https:\/\/www.europesays.com\/se\/wp-json\/wp\/v2\/media\/113379"}],"wp:attachment":[{"href":"https:\/\/www.europesays.com\/se\/wp-json\/wp\/v2\/media?parent=113378"}],"wp:term":[{"taxonomy":"category","embeddable":true,"href":"https:\/\/www.europesays.com\/se\/wp-json\/wp\/v2\/categories?post=113378"},{"taxonomy":"post_tag","embeddable":true,"href":"https:\/\/www.europesays.com\/se\/wp-json\/wp\/v2\/tags?post=113378"}],"curies":[{"name":"wp","href":"https:\/\/api.w.org\/{rel}","templated":true}]}}