{"id":113382,"date":"2025-12-22T03:28:11","date_gmt":"2025-12-22T03:28:11","guid":{"rendered":"https:\/\/www.europesays.com\/se\/113382\/"},"modified":"2025-12-22T03:28:11","modified_gmt":"2025-12-22T03:28:11","slug":"zetterlund-med-tva-mal-i-ottawaseger","status":"publish","type":"post","link":"https:\/\/www.europesays.com\/se\/113382\/","title":{"rendered":"Zetterlund med tv\u00e5 m\u00e5l i Ottawaseger"},"content":{"rendered":"<p>share-arrowDela<\/p>\n<p>unsaveSpara<\/p>\n<p>expand-left<\/p>\n<p>helsk\u00e4rm<img decoding=\"async\" class=\"image-asset hyperion-css-u06ts1\" data-test-tag=\"image-asset\" src=\"https:\/\/www.europesays.com\/se\/wp-content\/uploads\/2025\/12\/044877f9-ac56-43c6-ab9b-3adbf30dfcaa\"  alt=\"Fabian Zetterlund (20) gjorde tv\u00e5 m\u00e5l mot Boston.\"  loading=\"eager\" fetchpriority=\"high\" style=\"aspect-ratio:1900 \/ 1267\"\/>Fabian Zetterlund (20) gjorde tv\u00e5 m\u00e5l mot Boston. Foto: Cj Gunther\/AP\/TT<\/p>\n<p class=\"hyperion-css-1shl3oz\" data-test-tag=\"lead-text\">Fabian Zetterlund stod f\u00f6r tv\u00e5 m\u00e5l n\u00e4r Ottawa ut\u00f6kade sin segersvit i nattens NHL. 6\u20132 mot Boston blev lagets fj\u00e4rde raka seger.<\/p>\n<p class=\"hyperion-css-1v9qo5x\">Power play-m\u00e5l var Zetterlunds signum i nattens bortamatch mot Boston. B\u00e4gge svenskens m\u00e5l kom just i numer\u00e4rt \u00f6verl\u00e4ge.<\/p>\n<p class=\"hyperion-css-1v9qo5x\">Det f\u00f6rsta kom efter knappa sjutton minuter av den f\u00f6rsta perioden. Bostonsvensken Elias Lindholm hade blivit f\u00f6rpassad utvisningsb\u00e5set efter en slashing mot Tim St\u00fctzle. Med tv\u00e5 sekunder kvar av utvisningen fick han se landsmannen Zetterlund ut\u00f6ka Ottawas ledning till 3\u20130 som letade sig in mellan stolpe och m\u00e5lvakten Joonas Korpisalo.<\/p>\n<p class=\"hyperion-css-1v9qo5x\">Zetterlunds andra m\u00e5l blev matchens sista. 26-\u00e5ringen skickade in ett skott fr\u00e5n tekningscirkeln, upp i n\u00e4ttaket till 6\u20132 med knappt tre minuter kvar av den andra perioden.<\/p>\n<p class=\"hyperion-css-1v9qo5x\">B\u00e5de Ottawa och Boston ligger utanf\u00f6r slutspelsplats i den haltande men j\u00e4mna \u00f6stra konferensen.<\/p>\n","protected":false},"excerpt":{"rendered":"share-arrowDela unsaveSpara expand-left helsk\u00e4rmFabian Zetterlund (20) gjorde tv\u00e5 m\u00e5l mot Boston. Foto: Cj Gunther\/AP\/TT Fabian Zetterlund stod f\u00f6r&hellip;\n","protected":false},"author":2,"featured_media":113383,"comment_status":"","ping_status":"","sticky":false,"template":"","format":"standard","meta":{"footnotes":""},"categories":[5],"tags":[22,23,26,27,17,21,24,25,28,29,15,16,18,34,31,33,32,30,19,20],"class_list":{"0":"post-113382","1":"post","2":"type-post","3":"status-publish","4":"format-standard","5":"has-post-thumbnail","7":"category-rubriker","8":"tag-breaking-news","9":"tag-breakingnews","10":"tag-featured-news","11":"tag-featurednews","12":"tag-headlines","13":"tag-huvudnyheter","14":"tag-latest-news","15":"tag-latestnews","16":"tag-main-news","17":"tag-mainnews","18":"tag-news","19":"tag-nyheter","20":"tag-rubriker","21":"tag-se","22":"tag-svenska","23":"tag-sverige","24":"tag-sweden","25":"tag-swedish","26":"tag-top-stories","27":"tag-topstories"},"share_on_mastodon":{"url":"https:\/\/pubeurope.com\/@se\/115761099949959093","error":""},"_links":{"self":[{"href":"https:\/\/www.europesays.com\/se\/wp-json\/wp\/v2\/posts\/113382","targetHints":{"allow":["GET"]}}],"collection":[{"href":"https:\/\/www.europesays.com\/se\/wp-json\/wp\/v2\/posts"}],"about":[{"href":"https:\/\/www.europesays.com\/se\/wp-json\/wp\/v2\/types\/post"}],"author":[{"embeddable":true,"href":"https:\/\/www.europesays.com\/se\/wp-json\/wp\/v2\/users\/2"}],"replies":[{"embeddable":true,"href":"https:\/\/www.europesays.com\/se\/wp-json\/wp\/v2\/comments?post=113382"}],"version-history":[{"count":0,"href":"https:\/\/www.europesays.com\/se\/wp-json\/wp\/v2\/posts\/113382\/revisions"}],"wp:featuredmedia":[{"embeddable":true,"href":"https:\/\/www.europesays.com\/se\/wp-json\/wp\/v2\/media\/113383"}],"wp:attachment":[{"href":"https:\/\/www.europesays.com\/se\/wp-json\/wp\/v2\/media?parent=113382"}],"wp:term":[{"taxonomy":"category","embeddable":true,"href":"https:\/\/www.europesays.com\/se\/wp-json\/wp\/v2\/categories?post=113382"},{"taxonomy":"post_tag","embeddable":true,"href":"https:\/\/www.europesays.com\/se\/wp-json\/wp\/v2\/tags?post=113382"}],"curies":[{"name":"wp","href":"https:\/\/api.w.org\/{rel}","templated":true}]}}