{"id":113384,"date":"2025-12-22T03:31:41","date_gmt":"2025-12-22T03:31:41","guid":{"rendered":"https:\/\/www.europesays.com\/se\/113384\/"},"modified":"2025-12-22T03:31:41","modified_gmt":"2025-12-22T03:31:41","slug":"timothee-chalamettar-kal-pa-rapryktet-om-esdeekid","status":"publish","type":"post","link":"https:\/\/www.europesays.com\/se\/113384\/","title":{"rendered":"Timoth\u00e9e Chalamet\ntar k\u00e5l p\u00e5 rapryktet om EsDeeKid"},"content":{"rendered":"<p>Publicerad 20 dec 2025 kl 15.50<\/p>\n<p>Filmstj\u00e4rnan Timoth\u00e9e Chalamet har tagit k\u00e5l p\u00e5 det envisa ryktet om att han \u00e4r rapparen EsDeeKid.\u00a0<\/p>\n<p>En video har sl\u00e4ppts d\u00e4r de tv\u00e5 upptr\u00e4der tillsammans.<\/p>\n<p><img   alt=\"\"\/><\/p>\n<p>Timothee Chalamet.<\/p>\n<p>Foto: NANCY KASZERMAN \/ STELLA PICTURES<\/p>\n<p>\u00d6ppna bild i helsk\u00e4rm<img loading=\"lazy\"   alt=\"\"\/><\/p>\n<p>Den brittiska rapparen EsDeeKid.<\/p>\n<p>Foto: Instagram<\/p>\n<p>\u00d6ppna bild i helsk\u00e4rm<\/p>\n<p>Den brittiske rapparen EsDeeKid upptr\u00e4der alltid maskerad och visar bara sina \u00f6gon.<\/p>\n<p>Ryktet om att Chalamet levde ett dubbelliv b\u00f6rjade n\u00e4r en del fans uppt\u00e4ckte att det fanns en likhet mellan hans och EsDeeKids \u00f6gon.<\/p>\n<p>Nu har en video sl\u00e4ppts p\u00e5 Chalamets Instagram d\u00e4r de tv\u00e5 tillsammans framf\u00f6r en remix av EsDeeKids l\u00e5t \u201d4Raws\u201d, skriver <a href=\"https:\/\/www.bbc.com\/news\/articles\/c79x4yqx0ngo\" rel=\"nofollow noopener\" target=\"_blank\">BBC<\/a>.<\/p>\n<p>Videon var filmad i en mindre livsmedelsbutik i de norra delarna av London.<\/p>\n","protected":false},"excerpt":{"rendered":"Publicerad 20 dec 2025 kl 15.50 Filmstj\u00e4rnan Timoth\u00e9e Chalamet har tagit k\u00e5l p\u00e5 det envisa ryktet om att&hellip;\n","protected":false},"author":2,"featured_media":113385,"comment_status":"","ping_status":"","sticky":false,"template":"","format":"standard","meta":{"footnotes":""},"categories":[67],"tags":[104,12383,34,775,31,33,32,30,402,310,109,105],"class_list":{"0":"post-113384","1":"post","2":"type-post","3":"status-publish","4":"format-standard","5":"has-post-thumbnail","7":"category-underhallning","8":"tag-entertainment","9":"tag-person-timothee-chalamet","10":"tag-se","11":"tag-sections-musik","12":"tag-svenska","13":"tag-sverige","14":"tag-sweden","15":"tag-swedish","16":"tag-topic-artister","17":"tag-topic-kandisar","18":"tag-topic-skadespelare","19":"tag-underhallning"},"share_on_mastodon":{"url":"https:\/\/pubeurope.com\/@se\/115761111583602225","error":""},"_links":{"self":[{"href":"https:\/\/www.europesays.com\/se\/wp-json\/wp\/v2\/posts\/113384","targetHints":{"allow":["GET"]}}],"collection":[{"href":"https:\/\/www.europesays.com\/se\/wp-json\/wp\/v2\/posts"}],"about":[{"href":"https:\/\/www.europesays.com\/se\/wp-json\/wp\/v2\/types\/post"}],"author":[{"embeddable":true,"href":"https:\/\/www.europesays.com\/se\/wp-json\/wp\/v2\/users\/2"}],"replies":[{"embeddable":true,"href":"https:\/\/www.europesays.com\/se\/wp-json\/wp\/v2\/comments?post=113384"}],"version-history":[{"count":0,"href":"https:\/\/www.europesays.com\/se\/wp-json\/wp\/v2\/posts\/113384\/revisions"}],"wp:featuredmedia":[{"embeddable":true,"href":"https:\/\/www.europesays.com\/se\/wp-json\/wp\/v2\/media\/113385"}],"wp:attachment":[{"href":"https:\/\/www.europesays.com\/se\/wp-json\/wp\/v2\/media?parent=113384"}],"wp:term":[{"taxonomy":"category","embeddable":true,"href":"https:\/\/www.europesays.com\/se\/wp-json\/wp\/v2\/categories?post=113384"},{"taxonomy":"post_tag","embeddable":true,"href":"https:\/\/www.europesays.com\/se\/wp-json\/wp\/v2\/tags?post=113384"}],"curies":[{"name":"wp","href":"https:\/\/api.w.org\/{rel}","templated":true}]}}