{"id":113390,"date":"2025-12-22T03:59:08","date_gmt":"2025-12-22T03:59:08","guid":{"rendered":"https:\/\/www.europesays.com\/se\/113390\/"},"modified":"2025-12-22T03:59:08","modified_gmt":"2025-12-22T03:59:08","slug":"maga-profilerna-i-storbrak-pa-kaosfestivalen-americafest-varlden","status":"publish","type":"post","link":"https:\/\/www.europesays.com\/se\/113390\/","title":{"rendered":"Maga-profilerna i storbr\u00e5k p\u00e5 kaosfestivalen AmericaFest | V\u00e4rlden"},"content":{"rendered":"<p>Publicerad 22 dec 2025 kl 04.16Uppdaterad kl 04.46<\/p>\n<p>Maga-festivalen i Phoenix blev ett verbalt blodbad.<\/p>\n<p>Talare efter talare sluggade loss mot varandra \u2013 och avslutades med en v\u00e4djan fr\u00e5n vicepresident JD Vance.<\/p>\n<p>\u2013 Vi har viktigare saker att g\u00f6ra \u00e4n att cancellera varandra.<\/p>\n<p><img   alt=\"\"\/><\/p>\n<p>Ben Shapiro satte fart p\u00e5 tillst\u00e4llningen i Arizona med sina angrepp p\u00e5 flera av Maga-r\u00f6relsens st\u00f6rsta namn.<\/p>\n<p>Foto: CHARLES-MCCLINTOCK WILSON \/ STELLA PICTURES<\/p>\n<p>\u00d6ppna bild i helsk\u00e4rm<img loading=\"lazy\"   alt=\"\"\/><\/p>\n<p>Steve Bannon fick en rej\u00e4l k\u00e4nga \u2013 och gav tillbaka.<\/p>\n<p>Foto: BRIAN CAHN \/ STELLA PICTURES<\/p>\n<p>\u00d6ppna bild i helsk\u00e4rm<img loading=\"lazy\"   alt=\"\"\/><\/p>\n<p>JD Vance f\u00f6rs\u00f6kte ena. H\u00e4r tillsammans med \u00e4nkana Erika Kirk.<\/p>\n<p>Foto: JON CHERRY \/ AP\/ TT<\/p>\n<p>\u00d6ppna bild i helsk\u00e4rm<img loading=\"lazy\"   alt=\"\"\/><\/p>\n<p>Megyn Kelly gav ocks\u00e5 tillbaka mot Ben Shapiro.<\/p>\n<p>Foto: ROSS D. FRANKLIN \/ AP\/ TT<\/p>\n<p>\u00d6ppna bild i helsk\u00e4rm<img loading=\"lazy\"   alt=\"\"\/> <\/p>\n<p>Foto: Michel Euler \/ AP TT NYHETSBYR\u00c5N<\/p>\n<p>\u00d6ppna bild i helsk\u00e4rmARTIKELN I KORTHET<\/p>\n<p>\u2022 AmericaFest i Phoenix pr\u00e4glades av \u00f6ppna angrepp mellan tongivande profiler inom Maga-r\u00f6relsen.<\/p>\n<p>\u2022 Ben Shapiro gick till h\u00e5rd attack mot Candace Owens, Tucker Carlson, Megyn Kelly och Steve Bannon fr\u00e5n scenen.<\/p>\n<p>\u2022 Carlson, Kelly, Bannon och Owens slog tillbaka mot Shapiro i egna tal och p\u00e5 sociala medier.<\/p>\n<p>\u2022 Vicepresident JD Vance f\u00f6rs\u00f6kte d\u00e4mpa konflikten och uppmanade r\u00f6relsen att sluta angripa varandra och i st\u00e4llet fokusera p\u00e5 Demokraterna.<\/p>\n<p>Visa mer<\/p>\n<p>\u00d6ver 30 000, fr\u00e4mst unga republikaner och h\u00f6gerinfluencers, samlades i Phoenix under helgen f\u00f6r Turning Point USA:s \u2013 m\u00f6rdade Charlie Kirks organisation \u2013 \u00e5rliga konferens AmericaFest.\u00a0<\/p>\n<p>Det blev en uppvisning i oenighet.<\/p>\n<p>Poddaren Ben Shapiro, som talade efter organisationens nya ledare, \u00e4nkan Erika Kirk, gick ut h\u00e5rt och gav sig p\u00e5 n\u00e5gra av r\u00f6relsens st\u00f6rsta namn: Poddaren Candace Owens, de gamla Fox News-profilerna Tucker Carlson och Megyn Kelly och Donald Trumps tidigare strateg <a href=\"https:\/\/www.expressen.se\/tagg\/person\/steve-bannon\/\" class=\"\" rel=\"nofollow noopener\" target=\"_blank\">Steve Bannon<\/a>.\u00a0<\/p>\n<p>\u2013 Den konservativa r\u00f6relsen \u00e4r i allvarlig fara fr\u00e5n charlataner som p\u00e5st\u00e5r sig vara principfasta men i sj\u00e4lva verket \u00e4gnar sig \u00e5t konspirationst\u00e4nkande och ohederlighet, sa Shapiro.<\/p>\n<p>Han sa att Owens \u201dspyr ur sig fasansfull, konspiratorisk dynga\u201d, att Bannon \u00e4r en tidigare PR-strateg f\u00f6r Epstein och att Kelly \u00e4r en fegis som v\u00e4grar ta avst\u00e5nd fr\u00e5n Owens teorier om mordet p\u00e5 Charlie Kirk (se faktaruta). Men s\u00e4rskilt fokus riktades mot Tucker Carlson. B\u00e5de f\u00f6r att han lyft Owens teorier och f\u00f6r att ha haft f\u00f6rintelsef\u00f6rnekaren Nick Fuentes som g\u00e4st i sitt program.\u00a0<\/p>\n<p>\u2013 Om du ger utrymme \u00e5t en Hitler-apologet, ett nazist\u00e4lskande, antiamerikanskt avskum som Fuentes\u2026 att lyfta honom \u00e4r ett uttryck f\u00f6r moralisk dumhet.<\/p>\n<p>JD Vance f\u00f6rs\u00f6kte skapa enighet mot Demokraterna<\/p>\n<p>Tucker Carlson, som utsetts till \u201d\u00e5rets antisemit\u201d av organisationen StopAntisemitism, svarade i skarp ton. Han sa att han skrattade n\u00e4r han s\u00e5g Shapiros tal.\u00a0<\/p>\n<p>\u2013 Han \u00e4r uppbl\u00e5st. Uppmaningar om att cancellera folk p\u00e5 ett Charlie Kirk-evenemang? Det \u00e4r ju komiskt, sa han och f\u00f6rd\u00f6mde antisemitism som n\u00e5got \u201dlika omoraliskt som att hata vita m\u00e4n\u201d.<\/p>\n<p>S\u00e5 fortsatte det. Kelly avf\u00e4rdade Shapiro i sitt tal, d\u00e4r hon sa att det \u00e4r hon som gjort honom till en \u201dstj\u00e4rna\u201d \u2013 och att han inte f\u00f6rst\u00e5r sin status i den \u201dkonservativa\u201d r\u00f6relsen.\u00a0<\/p>\n<p>\u2013 Det \u00e4r lite komiskt att Ben tror att han har makten att avg\u00f6ra vem som ska uteslutas.\u00a0<\/p>\n<p>Bannon i sin tur kallade Shapiro f\u00f6r en cancer som sprider sig.<\/p>\n<p>Candace Owens var inte inbjuden att tala, men har svarat p\u00e5 X att hon blir mer och mer s\u00e4ker, f\u00f6r varje g\u00e5ng hon h\u00f6r Shapiro tala, att Israel \u00e4r inblandat i mordet p\u00e5 Kirk.\u00a0<\/p>\n<p>\u201dDet \u00e4r helt uppenbart att Ben \u00e4r enormt r\u00e4dd f\u00f6r n\u00e5gonting som har med det h\u00e4r attentatet att g\u00f6ra\u201d, skriver hon.<\/p>\n<p>Samtidigt tog den tidigare presidentkandidaten Vivek Ramaswamy Shapiros parti.<\/p>\n<p>\u2013 Om du tycker att Hitler var j\u00e4vligt cool, d\u00e5 har du ingen plats i den konservativa r\u00f6relsens framtid, sa han.<\/p>\n<p>P\u00e5 s\u00f6ndagen f\u00f6rs\u00f6kte vicepresident JD Vance gjuta olja p\u00e5 v\u00e5gorna \u2013 och f\u00e5 alla att fokusera p\u00e5 Demokraterna i st\u00e4llet.\u00a0<\/p>\n<p>\u2013 Trump skapade inte den st\u00f6rsta och b\u00e4sta politiska koalitionen genom att uts\u00e4tta sina anh\u00e4ngare f\u00f6r sj\u00e4lvdestruktiva krav p\u00e5 renl\u00e4righet, s\u00e4ger Vance.<\/p>\n<p>I talet skyllde han mordet p\u00e5 \u201dv\u00e4nsterextrema\u201d demokrater.<\/p>\n<p>\u2013 Om du saknar Charlie Kirk, lovar du d\u00e5 att sl\u00e5ss f\u00f6r det han dog f\u00f6r? Lovar du att ta tillbaka landet fr\u00e5n m\u00e4nniskorna som tog hans liv?\u00a0<\/p>\n<p>Candace Owens teorier om mordet p\u00e5 Charlie Kirk<\/p>\n<p> Hon tror inte att den misst\u00e4nkta, Tyler Robinson, \u00e4r skyldig till mordet eller att han \u00e5tminstone inte agerade ensam.<\/p>\n<p>\u00a0Hon tror att personer i Turning Point USA var inblandade \u2013 att Charlie Kirk f\u00f6rr\u00e5ddes av personer i sin n\u00e4rhet.\u00a0<\/p>\n<p>\u00a0Hon har lyft teorier om att s\u00e5v\u00e4l Israel som Frankrike och Egypten varit inblandade. Paret Macron \u00e4r dessutom ute efter Candace Owens sj\u00e4lv, enligt henne.\u00a0<\/p>\n<p>\u00a0S\u00e4rskilt har hon riktat in sig p\u00e5 Israel, som hon p\u00e5st\u00e5r ville stoppa Kirk fr\u00e5n att \u201d\u00f6verge sin pro-israeliska\u201d st\u00e5ndpunkt.<\/p>\n<p>\u00a0Hon h\u00e4vdar ocks\u00e5 att myndigheterna m\u00f6rkar vad de vet och f\u00f6rvr\u00e4nger bevisning f\u00f6r att d\u00f6lja st\u00f6rre brott.\u00a0<\/p>\n<p>Visa mer<\/p>\n","protected":false},"excerpt":{"rendered":"Publicerad 22 dec 2025 kl 04.16Uppdaterad kl 04.46 Maga-festivalen i Phoenix blev ett verbalt blodbad. Talare efter talare&hellip;\n","protected":false},"author":2,"featured_media":113391,"comment_status":"","ping_status":"","sticky":false,"template":"","format":"standard","meta":{"footnotes":""},"categories":[14],"tags":[22,23,26,27,17,21,24,25,12385,28,29,15,16,198,363,1505,6343,12384,18,34,55,31,33,32,30,19,204,20,51,52,53,54],"class_list":{"0":"post-113390","1":"post","2":"type-post","3":"status-publish","4":"format-standard","5":"has-post-thumbnail","7":"category-varlden","8":"tag-breaking-news","9":"tag-breakingnews","10":"tag-featured-news","11":"tag-featurednews","12":"tag-headlines","13":"tag-huvudnyheter","14":"tag-latest-news","15":"tag-latestnews","16":"tag-location-phoenix","17":"tag-main-news","18":"tag-mainnews","19":"tag-news","20":"tag-nyheter","21":"tag-person-donald-trump","22":"tag-person-jd-vance","23":"tag-person-steve-bannon","24":"tag-person-tucker-carlson","25":"tag-person-vivek-ramaswamy","26":"tag-rubriker","27":"tag-se","28":"tag-sections-varlden","29":"tag-svenska","30":"tag-sverige","31":"tag-sweden","32":"tag-swedish","33":"tag-top-stories","34":"tag-topic-amerikansk-politik","35":"tag-topstories","36":"tag-varlden","37":"tag-world","38":"tag-world-news","39":"tag-worldnews"},"share_on_mastodon":{"url":"","error":"Validation failed: Text character limit of 500 exceeded"},"_links":{"self":[{"href":"https:\/\/www.europesays.com\/se\/wp-json\/wp\/v2\/posts\/113390","targetHints":{"allow":["GET"]}}],"collection":[{"href":"https:\/\/www.europesays.com\/se\/wp-json\/wp\/v2\/posts"}],"about":[{"href":"https:\/\/www.europesays.com\/se\/wp-json\/wp\/v2\/types\/post"}],"author":[{"embeddable":true,"href":"https:\/\/www.europesays.com\/se\/wp-json\/wp\/v2\/users\/2"}],"replies":[{"embeddable":true,"href":"https:\/\/www.europesays.com\/se\/wp-json\/wp\/v2\/comments?post=113390"}],"version-history":[{"count":0,"href":"https:\/\/www.europesays.com\/se\/wp-json\/wp\/v2\/posts\/113390\/revisions"}],"wp:featuredmedia":[{"embeddable":true,"href":"https:\/\/www.europesays.com\/se\/wp-json\/wp\/v2\/media\/113391"}],"wp:attachment":[{"href":"https:\/\/www.europesays.com\/se\/wp-json\/wp\/v2\/media?parent=113390"}],"wp:term":[{"taxonomy":"category","embeddable":true,"href":"https:\/\/www.europesays.com\/se\/wp-json\/wp\/v2\/categories?post=113390"},{"taxonomy":"post_tag","embeddable":true,"href":"https:\/\/www.europesays.com\/se\/wp-json\/wp\/v2\/tags?post=113390"}],"curies":[{"name":"wp","href":"https:\/\/api.w.org\/{rel}","templated":true}]}}