{"id":113402,"date":"2025-12-22T04:32:09","date_gmt":"2025-12-22T04:32:09","guid":{"rendered":"https:\/\/www.europesays.com\/se\/113402\/"},"modified":"2025-12-22T04:32:09","modified_gmt":"2025-12-22T04:32:09","slug":"kungen-rattade-danmarks-forsta-batteritag","status":"publish","type":"post","link":"https:\/\/www.europesays.com\/se\/113402\/","title":{"rendered":"Kungen rattade Danmarks f\u00f6rsta batterit\u00e5g"},"content":{"rendered":"<p>share-arrowDela<\/p>\n<p>unsaveSpara<\/p>\n<p>expand-left<\/p>\n<p>helsk\u00e4rm<img decoding=\"async\" class=\"image-asset hyperion-css-u06ts1\" data-test-tag=\"image-asset\" src=\"https:\/\/www.europesays.com\/se\/wp-content\/uploads\/2025\/12\/ff588a42-6f50-4521-a746-228d1f2636a5\"  alt=\"Kung Frederik bakom spakarna i Lemvig i fredags.\"  loading=\"eager\" fetchpriority=\"high\" style=\"aspect-ratio:1900 \/ 1266\"\/>Kung Frederik bakom spakarna i Lemvig i fredags. Foto: Bo Amstrup\/Ritzau\/TT<\/p>\n<p class=\"hyperion-css-1shl3oz\" data-test-tag=\"lead-text\">Danmark har f\u00e5tt sina f\u00f6rsta batteridrivna pendelt\u00e5g. Kung Frederik sj\u00e4lv tog \u00f6ver spakarna f\u00f6r att officiellt inviga linjen.<\/p>\n<p class=\"hyperion-css-1v9qo5x\">Batteridrivna t\u00e5g \u00e4r ett milj\u00f6v\u00e4nligt alternativ f\u00f6r j\u00e4rnv\u00e4gar som inte har elf\u00f6rs\u00f6rjning, s\u00e5som de nu aktuella pendelrutterna i v\u00e4stra Danmark. De nya t\u00e5gen fr\u00e5n tyska Siemens ska rulla p\u00e5 rutter runt Holstebro n\u00e4ra den danska Nordsj\u00f6kusten.<\/p>\n<p class=\"hyperion-css-1v9qo5x\">\u2013 Jag \u00e4r stolt \u00f6ver att vara h\u00e4r och f\u00e5 p\u00e5 plats ett transportmedel med gr\u00f6na f\u00f6rtecken, sade statschefen Frederik till danska TV2 efter att ha k\u00f6rt t\u00e5get en kort str\u00e4cka i Lemvig.<\/p>\n<p class=\"hyperion-css-1v9qo5x\">Sju batterit\u00e5g kan nu ers\u00e4tta \u00e5tta dieselt\u00e5g i omr\u00e5det. Den aktuella Siemens-modellen rullar sedan tidigare i liknande trafik i Tyskland.<\/p>\n","protected":false},"excerpt":{"rendered":"share-arrowDela unsaveSpara expand-left helsk\u00e4rmKung Frederik bakom spakarna i Lemvig i fredags. Foto: Bo Amstrup\/Ritzau\/TT Danmark har f\u00e5tt sina&hellip;\n","protected":false},"author":2,"featured_media":113403,"comment_status":"","ping_status":"","sticky":false,"template":"","format":"standard","meta":{"footnotes":""},"categories":[14],"tags":[22,23,26,27,17,21,24,25,28,29,15,16,18,34,31,33,32,30,19,20,51,52,53,54],"class_list":{"0":"post-113402","1":"post","2":"type-post","3":"status-publish","4":"format-standard","5":"has-post-thumbnail","7":"category-varlden","8":"tag-breaking-news","9":"tag-breakingnews","10":"tag-featured-news","11":"tag-featurednews","12":"tag-headlines","13":"tag-huvudnyheter","14":"tag-latest-news","15":"tag-latestnews","16":"tag-main-news","17":"tag-mainnews","18":"tag-news","19":"tag-nyheter","20":"tag-rubriker","21":"tag-se","22":"tag-svenska","23":"tag-sverige","24":"tag-sweden","25":"tag-swedish","26":"tag-top-stories","27":"tag-topstories","28":"tag-varlden","29":"tag-world","30":"tag-world-news","31":"tag-worldnews"},"share_on_mastodon":{"url":"https:\/\/pubeurope.com\/@se\/115761351602511802","error":""},"_links":{"self":[{"href":"https:\/\/www.europesays.com\/se\/wp-json\/wp\/v2\/posts\/113402","targetHints":{"allow":["GET"]}}],"collection":[{"href":"https:\/\/www.europesays.com\/se\/wp-json\/wp\/v2\/posts"}],"about":[{"href":"https:\/\/www.europesays.com\/se\/wp-json\/wp\/v2\/types\/post"}],"author":[{"embeddable":true,"href":"https:\/\/www.europesays.com\/se\/wp-json\/wp\/v2\/users\/2"}],"replies":[{"embeddable":true,"href":"https:\/\/www.europesays.com\/se\/wp-json\/wp\/v2\/comments?post=113402"}],"version-history":[{"count":0,"href":"https:\/\/www.europesays.com\/se\/wp-json\/wp\/v2\/posts\/113402\/revisions"}],"wp:featuredmedia":[{"embeddable":true,"href":"https:\/\/www.europesays.com\/se\/wp-json\/wp\/v2\/media\/113403"}],"wp:attachment":[{"href":"https:\/\/www.europesays.com\/se\/wp-json\/wp\/v2\/media?parent=113402"}],"wp:term":[{"taxonomy":"category","embeddable":true,"href":"https:\/\/www.europesays.com\/se\/wp-json\/wp\/v2\/categories?post=113402"},{"taxonomy":"post_tag","embeddable":true,"href":"https:\/\/www.europesays.com\/se\/wp-json\/wp\/v2\/tags?post=113402"}],"curies":[{"name":"wp","href":"https:\/\/api.w.org\/{rel}","templated":true}]}}