{"id":113412,"date":"2025-12-22T04:49:12","date_gmt":"2025-12-22T04:49:12","guid":{"rendered":"https:\/\/www.europesays.com\/se\/113412\/"},"modified":"2025-12-22T04:49:12","modified_gmt":"2025-12-22T04:49:12","slug":"solidaritet-och-sammanhallning-ar-svaret","status":"publish","type":"post","link":"https:\/\/www.europesays.com\/se\/113412\/","title":{"rendered":"Solidaritet och sammanh\u00e5llning \u00e4r svaret"},"content":{"rendered":"<p><strong>Folkbildning, fackf\u00f6reningsr\u00f6relser och <\/strong>politiska motst\u00e5ndare blir direkta m\u00e5ltavlor n\u00e4r regeringar systematiskt f\u00f6rs\u00f6ker f\u00f6rsvaga sina meningsmotst\u00e5ndare. Det som sker \u00e4r ingen slump. Arbetarr\u00f6relsen \u00e4r den organiserade politiska kraft som framg\u00e5ngsrikt kunnat bryta h\u00f6gerns historiska maktmonopol och b\u00e4ra fram frihet, j\u00e4mlikhet och social r\u00e4ttvisa f\u00f6r de breda massorna. D\u00e4rf\u00f6r ser man oss ocks\u00e5 som huvudfienden som steg f\u00f6r steg ska splittras och f\u00f6rsvagas.<\/p>\n<p>I Sverige har Tid\u00f6regeringen tagit tydliga steg i den riktningen. Genom att misst\u00e4nkligg\u00f6ra civilsamh\u00e4llets organisationer, f\u00f6rsvaga folkbildningen och f\u00f6r\u00e4ndra bist\u00e5ndspolitiken g\u00f6r man det sv\u00e5rare f\u00f6r demokratiska r\u00f6relser att verka \u2013 b\u00e5de h\u00e4r hemma och i v\u00e4rlden. Planen i Timbros och SDs strategi Kommandoh\u00f6jderna och i Tid\u00f6 2.0 \u00e4r ocks\u00e5 tydlig. Attackerna ska steg f\u00f6r steg intensifieras, nedsk\u00e4rningarna av folkbildningen trappas upp och fackf\u00f6reningsr\u00f6relsen \u00e4r n\u00e4sta huvudm\u00e5l f\u00f6r attackerna.<\/p>\n<p>Vi p\u00e5 Olof Palmes Internationella Center, arbetarr\u00f6relsens samarbetsorganisation f\u00f6r internationell solidaritet, har redan drabbats av regeringens systematiska arbete. De riktade nedsk\u00e4rningarna i internationellt st\u00f6d till civilsamh\u00e4llet och fackf\u00f6reningsr\u00f6relsen sl\u00e5r direkt mot v\u00e5ra progressiva samarbetsparter i l\u00e4nder d\u00e4r organisering redan \u00e4r livsfarlig.<\/p>\n<p><strong>I Zimbabwe m\u00f6ts<\/strong> modiga aktivister av b\u00e5de v\u00e5ld och komplicerade administrativa hinder som successivt stryper deras r\u00e4tt att tala och agera fritt. I Turkiet riskerar m\u00e4nniskor\u00e4ttsorganisationer att st\u00e4ngas ner och tvingas till sj\u00e4lvcensur under hot om att anklagas f\u00f6r \u201dterroristpropaganda\u201d. I Belarus f\u00e4ngslas och tystas oberoende r\u00f6ster medan civilsamh\u00e4llets organisationer f\u00f6rbjuds eller drivs i exil. N\u00e4r Sveriges regering v\u00e4ljer att tysta v\u00e5ra samarbetsparters r\u00f6ster f\u00f6r demokrati, m\u00e4nskliga r\u00e4ttigheter och anst\u00e4ndiga arbetsvillkor, f\u00f6rsvagas ocks\u00e5 v\u00e5ra egna r\u00e4ttigheter.<\/p>\n<blockquote class=\"wp-block-quote is-layout-flow wp-block-quote-is-layout-flow\">\n<p>N\u00e4r r\u00e4tten att organisera sig hotas, n\u00e4r medier tystas och civilsamh\u00e4llet pressas tillbaka, f\u00f6ljer snart ocks\u00e5 r\u00e4ttighetskr\u00e4nkningar och \u00f6kat politiskt f\u00f6rtryck.<\/p>\n<\/blockquote>\n<p>Vi i arbetarr\u00f6relsen har alltid f\u00f6rst\u00e5tt sambandet mellan demokrati och organisering. N\u00e4r r\u00e4tten att organisera sig hotas, n\u00e4r medier tystas och civilsamh\u00e4llet pressas tillbaka, f\u00f6ljer snart ocks\u00e5 r\u00e4ttighetskr\u00e4nkningar och \u00f6kat politiskt f\u00f6rtryck. Den utvecklingen ser vi redan i flera europeiska l\u00e4nder \u2013 inte minst Ungern, Serbien och andra h\u00f6gerauktorit\u00e4ra milj\u00f6er \u2013 d\u00e4r oberoende institutioner f\u00f6rsvagas, kritiska r\u00f6ster begr\u00e4nsas och det demokratiska utrymmet steg f\u00f6r steg krymper.<\/p>\n<p>Vi m\u00e5ste nu tillsammans st\u00e5 upp f\u00f6r det som byggt v\u00e5r demokrati och v\u00e5r gemensamma v\u00e4lf\u00e4rd: fria fackf\u00f6reningar, folkr\u00f6relser och solidaritet \u00f6ver gr\u00e4nserna. N\u00e4r Palmecentret tillsammans med svenska civilsamh\u00e4llesorganisationer och fackf\u00f6rbund i arbetarr\u00f6relsen st\u00f6ttar kollegor i andra l\u00e4nder handlar det inte om v\u00e4lg\u00f6renhet \u2013 det handlar om gemensamma intressen. F\u00f6r varje oppositionell som tystas i Belarus och f\u00f6r varje facklig ledare som f\u00e4ngslas i Filippinerna f\u00f6rsvagas ocks\u00e5 v\u00e5ra egna m\u00f6jligheter att f\u00f6rsvara demokratin och v\u00e5ra r\u00e4ttigheter i den globaliserade v\u00e4rld vi lever.<\/p>\n<p><strong>Arbetarr\u00f6relsens styrka har <\/strong>alltid legat i solidariteten. Det \u00e4r n\u00e4r vi ser varandra \u2013 som m\u00e4nniskor, som medborgare, som arbetare i en gemensam v\u00e4rld \u2013 och agerar tillsammans som f\u00f6r\u00e4ndring blir m\u00f6jlig. D\u00e4rf\u00f6r m\u00e5ste vi nu tillsammans st\u00e5 upp mot f\u00f6rs\u00f6ken att f\u00f6rsvaga och splittra oss. V\u00e5rt svar m\u00e5ste vara tydligt: vi backar inte. Vi st\u00e5r tillsammans \u2013 h\u00e4r hemma och globalt. Det handlar inte bara om andras liv och r\u00e4ttigheter, utan om v\u00e5r gemensamma framtid.\u00a0\u00a0<\/p>\n<p>Folkr\u00f6relserna, facket och folkbildningen \u00e4r inte problemet, de \u00e4r l\u00f6sningen. Och l\u00f6sningen stavas, nu som tidigare, sammanh\u00e5llning och solidaritet.<\/p>\n<p><strong>Oscar Ernerot<\/strong>, generalsekreterare, Olof Palmes Internationella Center<\/p>\n","protected":false},"excerpt":{"rendered":"Folkbildning, fackf\u00f6reningsr\u00f6relser och politiska motst\u00e5ndare blir direkta m\u00e5ltavlor n\u00e4r regeringar systematiskt f\u00f6rs\u00f6ker f\u00f6rsvaga sina meningsmotst\u00e5ndare. Det som sker&hellip;\n","protected":false},"author":2,"featured_media":113413,"comment_status":"","ping_status":"","sticky":false,"template":"","format":"standard","meta":{"footnotes":""},"categories":[12],"tags":[22,23,26,27,17,21,24,25,28,29,15,16,18,34,31,33,32,30,19,20],"class_list":{"0":"post-113412","1":"post","2":"type-post","3":"status-publish","4":"format-standard","5":"has-post-thumbnail","7":"category-sverige","8":"tag-breaking-news","9":"tag-breakingnews","10":"tag-featured-news","11":"tag-featurednews","12":"tag-headlines","13":"tag-huvudnyheter","14":"tag-latest-news","15":"tag-latestnews","16":"tag-main-news","17":"tag-mainnews","18":"tag-news","19":"tag-nyheter","20":"tag-rubriker","21":"tag-se","22":"tag-svenska","23":"tag-sverige","24":"tag-sweden","25":"tag-swedish","26":"tag-top-stories","27":"tag-topstories"},"share_on_mastodon":{"url":"https:\/\/pubeurope.com\/@se\/115761418336047635","error":""},"_links":{"self":[{"href":"https:\/\/www.europesays.com\/se\/wp-json\/wp\/v2\/posts\/113412","targetHints":{"allow":["GET"]}}],"collection":[{"href":"https:\/\/www.europesays.com\/se\/wp-json\/wp\/v2\/posts"}],"about":[{"href":"https:\/\/www.europesays.com\/se\/wp-json\/wp\/v2\/types\/post"}],"author":[{"embeddable":true,"href":"https:\/\/www.europesays.com\/se\/wp-json\/wp\/v2\/users\/2"}],"replies":[{"embeddable":true,"href":"https:\/\/www.europesays.com\/se\/wp-json\/wp\/v2\/comments?post=113412"}],"version-history":[{"count":0,"href":"https:\/\/www.europesays.com\/se\/wp-json\/wp\/v2\/posts\/113412\/revisions"}],"wp:featuredmedia":[{"embeddable":true,"href":"https:\/\/www.europesays.com\/se\/wp-json\/wp\/v2\/media\/113413"}],"wp:attachment":[{"href":"https:\/\/www.europesays.com\/se\/wp-json\/wp\/v2\/media?parent=113412"}],"wp:term":[{"taxonomy":"category","embeddable":true,"href":"https:\/\/www.europesays.com\/se\/wp-json\/wp\/v2\/categories?post=113412"},{"taxonomy":"post_tag","embeddable":true,"href":"https:\/\/www.europesays.com\/se\/wp-json\/wp\/v2\/tags?post=113412"}],"curies":[{"name":"wp","href":"https:\/\/api.w.org\/{rel}","templated":true}]}}