{"id":113416,"date":"2025-12-22T04:57:08","date_gmt":"2025-12-22T04:57:08","guid":{"rendered":"https:\/\/www.europesays.com\/se\/113416\/"},"modified":"2025-12-22T04:57:08","modified_gmt":"2025-12-22T04:57:08","slug":"small-vid-flerfamiljshus-i-alvsjo","status":"publish","type":"post","link":"https:\/\/www.europesays.com\/se\/113416\/","title":{"rendered":"Sm\u00e4ll vid flerfamiljshus i \u00c4lvsj\u00f6"},"content":{"rendered":"<p>Strax innan klockan 02.30 larmades polis och r\u00e4ddningstj\u00e4nst till ett flerfamiljshus i f\u00f6rorten.<\/p>\n<p>N\u00e5got mindre har sm\u00e4llt vid en port och orsakat mindre materiella skador p\u00e5 fasaden men ingen person har kommit till skada, enligt polisen. <\/p>\n<p>\u2013 Bed\u00f6mningen \u00e4r att det \u00e4r n\u00e5gon form av pyroteknik som orsakat explosionen, s\u00e4ger Jari Kalliorinne, vakthavande bef\u00e4l vid polisen.<\/p>\n<p>En anm\u00e4lan uppr\u00e4ttades om skadeg\u00f6relse men det finns i nul\u00e4get ingen misst\u00e4nkt. <\/p>\n","protected":false},"excerpt":{"rendered":"Strax innan klockan 02.30 larmades polis och r\u00e4ddningstj\u00e4nst till ett flerfamiljshus i f\u00f6rorten. N\u00e5got mindre har sm\u00e4llt vid&hellip;\n","protected":false},"author":2,"featured_media":113417,"comment_status":"","ping_status":"","sticky":false,"template":"","format":"standard","meta":{"footnotes":""},"categories":[12],"tags":[22,23,26,27,17,21,24,25,28,29,15,16,18,34,31,33,32,30,19,20],"class_list":{"0":"post-113416","1":"post","2":"type-post","3":"status-publish","4":"format-standard","5":"has-post-thumbnail","7":"category-sverige","8":"tag-breaking-news","9":"tag-breakingnews","10":"tag-featured-news","11":"tag-featurednews","12":"tag-headlines","13":"tag-huvudnyheter","14":"tag-latest-news","15":"tag-latestnews","16":"tag-main-news","17":"tag-mainnews","18":"tag-news","19":"tag-nyheter","20":"tag-rubriker","21":"tag-se","22":"tag-svenska","23":"tag-sverige","24":"tag-sweden","25":"tag-swedish","26":"tag-top-stories","27":"tag-topstories"},"share_on_mastodon":{"url":"https:\/\/pubeurope.com\/@se\/115761449721230276","error":""},"_links":{"self":[{"href":"https:\/\/www.europesays.com\/se\/wp-json\/wp\/v2\/posts\/113416","targetHints":{"allow":["GET"]}}],"collection":[{"href":"https:\/\/www.europesays.com\/se\/wp-json\/wp\/v2\/posts"}],"about":[{"href":"https:\/\/www.europesays.com\/se\/wp-json\/wp\/v2\/types\/post"}],"author":[{"embeddable":true,"href":"https:\/\/www.europesays.com\/se\/wp-json\/wp\/v2\/users\/2"}],"replies":[{"embeddable":true,"href":"https:\/\/www.europesays.com\/se\/wp-json\/wp\/v2\/comments?post=113416"}],"version-history":[{"count":0,"href":"https:\/\/www.europesays.com\/se\/wp-json\/wp\/v2\/posts\/113416\/revisions"}],"wp:featuredmedia":[{"embeddable":true,"href":"https:\/\/www.europesays.com\/se\/wp-json\/wp\/v2\/media\/113417"}],"wp:attachment":[{"href":"https:\/\/www.europesays.com\/se\/wp-json\/wp\/v2\/media?parent=113416"}],"wp:term":[{"taxonomy":"category","embeddable":true,"href":"https:\/\/www.europesays.com\/se\/wp-json\/wp\/v2\/categories?post=113416"},{"taxonomy":"post_tag","embeddable":true,"href":"https:\/\/www.europesays.com\/se\/wp-json\/wp\/v2\/tags?post=113416"}],"curies":[{"name":"wp","href":"https:\/\/api.w.org\/{rel}","templated":true}]}}