{"id":113420,"date":"2025-12-22T05:05:10","date_gmt":"2025-12-22T05:05:10","guid":{"rendered":"https:\/\/www.europesays.com\/se\/113420\/"},"modified":"2025-12-22T05:05:10","modified_gmt":"2025-12-22T05:05:10","slug":"jonas-lindberg-v-ar-inte-st-goran-utan-draken","status":"publish","type":"post","link":"https:\/\/www.europesays.com\/se\/113420\/","title":{"rendered":"\u201dJonas Lindberg (V) \u00e4r inte S:t G\u00f6ran utan draken\u201d"},"content":{"rendered":"<p class=\"css-176tai e1uki5l82\"><strong>Moderaternas f\u00f6rslag<\/strong>\u00a0om att <a href=\"https:\/\/www.dagensmedicin.se\/opinion\/debatt\/smaskaliga-lakarledda-mottagningar-ska-bli-ny-regel\/\" rel=\"nofollow noopener\" target=\"_blank\">utveckla prim\u00e4rv\u00e5rden<\/a> med en lagstadgad r\u00e4tt att v\u00e4lja l\u00e4kare liksom \u00f6kad sm\u00e5skalighet har v\u00e4ckt stor nyfikenhet. Det \u00e4r positivt att\u00a0<a href=\"https:\/\/www.dagensmedicin.se\/opinion\/debatt\/romantisering-av-primarvarden-gynnar-ingen\/\" rel=\"nofollow noopener\" target=\"_blank\">V\u00e4nsterpartiet<\/a>\u00a0liksom\u00a0<a href=\"https:\/\/www.dagensmedicin.se\/opinion\/debatt\/inget-samband-finns-mellan-storlek-och-patientnojdhet\/\" rel=\"nofollow noopener\" target=\"_blank\">medarbetare<\/a>\u00a0inom v\u00e5rden vill debattera och diskutera f\u00f6rslaget.<\/p>\n<p class=\"css-176tai e1uki5l82\">Moderaterna g\u00e5r till val p\u00e5 att f\u00f6rverkliga en ny prim\u00e4rv\u00e5rdsreform: att inf\u00f6ra en lagstadgad r\u00e4tt att i f\u00f6rsta hand v\u00e4lja och lista sig hos sin personliga l\u00e4kare i st\u00e4llet f\u00f6r p\u00e5 en v\u00e5rdcentral, en l\u00e4kare som k\u00e4nner dig och dina behov. I Region Stockholm, liksom i Sverige i stort, vill vi moderater g\u00f6ra upp med det system som skapar v\u00e5rdcentraler stora som medelstora kommuner.<\/p>\n<p class=\"css-176tai e1uki5l82\"><strong>L\u00e4s mer: <\/strong><strong><a href=\"https:\/\/www.dagensmedicin.se\/opinion\/debatt\/inget-samband-finns-mellan-storlek-och-patientnojdhet\/\" rel=\"nofollow noopener\" target=\"_blank\">\u201dInget samband finns mellan storlek och patientn\u00f6jdhet\u201d<\/a><\/strong><\/p>\n<p class=\"css-176tai e1uki5l82\"><strong>Vi anser ocks\u00e5 <\/strong>att l\u00e4karmottagningar i prim\u00e4rv\u00e5rden b\u00f6r drivas av l\u00e4karna sj\u00e4lva. Professionsstyrd v\u00e5rd \u00f6kar chanserna att erfarna l\u00e4kare stannar i och utvecklar prim\u00e4rv\u00e5rden, vilket i sin tur gynnar medborgarnas r\u00e4tt till trygg och s\u00e4ker v\u00e5rd i tid. Detta samtidigt som tillg\u00e4ngligheten b\u00e4ttre b\u00f6r spegla patienternas vardagsliv och arbetsliv, med \u00f6ppettider p\u00e5 kv\u00e4llar och helger utifr\u00e5n patientunderlaget.<\/p>\n<p class=\"css-176tai e1uki5l82\">Moderaternas f\u00f6rslag handlar om n\u00e5got s\u00e5 enkelt som att storskalighet inte n\u00f6dv\u00e4ndigtvis m\u00e5ste vara n\u00e5got positivt. Oavsett om v\u00e5rdcentralerna drivs av regionen sj\u00e4lv eller av stora v\u00e5rdbolag, pr\u00e4glas de av inbillade stordriftsf\u00f6rdelar och centraldirigerad rapporteringsbyr\u00e5krati. D\u00e4r blir patienter och l\u00e4kare som kuggar i en d\u00e5ligt oljad maskin. F\u00f6r att f\u00e5 bukt med detta beh\u00f6ver vi t\u00e4nka nytt och sk\u00e4ra i byr\u00e5kratin.<\/p>\n<p class=\"css-176tai e1uki5l82\"><strong>Nyt\u00e4nkande f\u00e5r vi <\/strong>dock knappast av V\u00e4nsterpartiet. Jonas Lindberg (V) str\u00e4cker ut samma gamla r\u00f6da hand som han alltid str\u00e4ckt ut. En hand enbart redo att avveckla, f\u00f6rbjuda och reglera. Det \u00e4r f\u00f6r v\u00e4nstern varken nyt\u00e4nkande eller utvecklande.<\/p>\n<p class=\"css-176tai e1uki5l82\">Lindberg missar dessutom m\u00e5let n\u00e4r han, i sin iver att likna frist\u00e5ende v\u00e5rdgivare med drakar, undviker att ber\u00e4tta att de st\u00f6rsta v\u00e5rdcentralerna i Region Stockholm \u00e4r offentliga. Allts\u00e5 en del av den verksamhet han sj\u00e4lv styr som del av Region Stockholms majoritetsstyre. Dessutom hade Lindberg, p\u00e5 prim\u00e4rv\u00e5rdsn\u00e4mndens sammantr\u00e4de den 17:e december, m\u00f6jlighet att r\u00f6sta f\u00f6r v\u00e5rt f\u00f6rslag om att minska administration och fr\u00e4mja sm\u00e5skalig v\u00e5rd. Lindberg r\u00f6stade nej. S\u00e5 mycket var den utstr\u00e4ckta handen v\u00e4rd.\u00a0<\/p>\n<p class=\"css-176tai e1uki5l82\">Jonas Lindberg \u00e4r med andra ord ingen S:t G\u00f6ran, han \u00e4r draken. Och en annan debatt\u00f6r tycks redan vara upp\u00e4ten och svald av denna drake. Inifr\u00e5n drakens mags\u00e4ck f\u00e4ktar Jacob Andersson Emad p\u00e5 V\u00e4rmd\u00f6 v\u00e5rdcentral vidare f\u00f6r sin sak, \u00e4nnu ej medveten om vad som svalt honom. F\u00f6r storskaligheten och f\u00f6r byr\u00e5kratin f\u00e4ktas det vidare i en imponerande kamp.<\/p>\n<p class=\"css-176tai e1uki5l82\"><strong>\u00c4ven om han<\/strong> har fel i sina slutsatser, redan bem\u00f6tta i\u00a0<a href=\"https:\/\/www.dagensmedicin.se\/opinion\/debatt\/kontinuitet-ar-lattare-att-uppna-pa-sma-vardcentraler\/\" rel=\"nofollow noopener\" target=\"_blank\">en tidigare replik<\/a>, \u00e4r jag imponerad av hans arbete. Flera av argumenten \u00e4r v\u00e4l v\u00e4rda att ta med in i den fortsatta diskussionen om hur prim\u00e4rv\u00e5rdspolitiken ska utvecklas. F\u00f6r det \u00e4r just utvecklas vi vill att den ska g\u00f6ra.<\/p>\n<p class=\"css-176tai e1uki5l82\">Moderaterna str\u00e4cker ut en hand f\u00f6r att utveckla prim\u00e4rv\u00e5rden. F\u00f6r att v\u00e4rna just de sm\u00e5, lokala entrepren\u00f6rer som vi vill ska ploppa upp som svampar i skogen, som har m\u00f6jlighet att bygga kontinuitet, gott bem\u00f6tande och trygghet. F\u00f6r att v\u00e4rna om patienterna och om patienternas r\u00e4tt till b\u00e4sta m\u00f6jliga v\u00e5rd i Region Stockholm liksom i Sverige i stort.<\/p>\n<p class=\"css-176tai e1uki5l82\"><strong>Axel Conradi<\/strong> (M), Oppositionsregionr\u00e5d i Region Stockholm<\/p>\n<p class=\"css-176tai e1uki5l82\">Med denna slutreplik drar vi streck i debatten f\u00f6r denna g\u00e5ng.<\/p>\n<p>Kommentarer<\/p>\n<p>Arbetar du i sjukv\u00e5rden och vill kommentera texten utifr\u00e5n din yrkesroll?<br \/><a rel=\"noopener noreferrer nofollow\" target=\"_blank\" href=\"https:\/\/docs.google.com\/forms\/d\/e\/1FAIpQLSffxZDE1coKz-qKJnvxSysAsfgKl1gp7Fnt2oZLE2IoHR0LWQ\/viewform\">Klicka h\u00e4r! \u00a0\u00a0<\/a> <br \/>Kommentarer publiceras efter granskning.<\/p>\n","protected":false},"excerpt":{"rendered":"Moderaternas f\u00f6rslag\u00a0om att utveckla prim\u00e4rv\u00e5rden med en lagstadgad r\u00e4tt att v\u00e4lja l\u00e4kare liksom \u00f6kad sm\u00e5skalighet har v\u00e4ckt stor&hellip;\n","protected":false},"author":2,"featured_media":113421,"comment_status":"","ping_status":"","sticky":false,"template":"","format":"standard","meta":{"footnotes":""},"categories":[12],"tags":[22,23,26,27,17,21,24,25,28,29,15,16,18,34,31,33,32,30,19,20],"class_list":{"0":"post-113420","1":"post","2":"type-post","3":"status-publish","4":"format-standard","5":"has-post-thumbnail","7":"category-sverige","8":"tag-breaking-news","9":"tag-breakingnews","10":"tag-featured-news","11":"tag-featurednews","12":"tag-headlines","13":"tag-huvudnyheter","14":"tag-latest-news","15":"tag-latestnews","16":"tag-main-news","17":"tag-mainnews","18":"tag-news","19":"tag-nyheter","20":"tag-rubriker","21":"tag-se","22":"tag-svenska","23":"tag-sverige","24":"tag-sweden","25":"tag-swedish","26":"tag-top-stories","27":"tag-topstories"},"share_on_mastodon":{"url":"https:\/\/pubeurope.com\/@se\/115761481228145240","error":""},"_links":{"self":[{"href":"https:\/\/www.europesays.com\/se\/wp-json\/wp\/v2\/posts\/113420","targetHints":{"allow":["GET"]}}],"collection":[{"href":"https:\/\/www.europesays.com\/se\/wp-json\/wp\/v2\/posts"}],"about":[{"href":"https:\/\/www.europesays.com\/se\/wp-json\/wp\/v2\/types\/post"}],"author":[{"embeddable":true,"href":"https:\/\/www.europesays.com\/se\/wp-json\/wp\/v2\/users\/2"}],"replies":[{"embeddable":true,"href":"https:\/\/www.europesays.com\/se\/wp-json\/wp\/v2\/comments?post=113420"}],"version-history":[{"count":0,"href":"https:\/\/www.europesays.com\/se\/wp-json\/wp\/v2\/posts\/113420\/revisions"}],"wp:featuredmedia":[{"embeddable":true,"href":"https:\/\/www.europesays.com\/se\/wp-json\/wp\/v2\/media\/113421"}],"wp:attachment":[{"href":"https:\/\/www.europesays.com\/se\/wp-json\/wp\/v2\/media?parent=113420"}],"wp:term":[{"taxonomy":"category","embeddable":true,"href":"https:\/\/www.europesays.com\/se\/wp-json\/wp\/v2\/categories?post=113420"},{"taxonomy":"post_tag","embeddable":true,"href":"https:\/\/www.europesays.com\/se\/wp-json\/wp\/v2\/tags?post=113420"}],"curies":[{"name":"wp","href":"https:\/\/api.w.org\/{rel}","templated":true}]}}