{"id":113424,"date":"2025-12-22T05:12:08","date_gmt":"2025-12-22T05:12:08","guid":{"rendered":"https:\/\/www.europesays.com\/se\/113424\/"},"modified":"2025-12-22T05:12:08","modified_gmt":"2025-12-22T05:12:08","slug":"jd-vance-om-pajkastningen-ar-renlarighetstester","status":"publish","type":"post","link":"https:\/\/www.europesays.com\/se\/113424\/","title":{"rendered":"JD Vance om pajkastningen: \u201d\u00c4r renl\u00e4righetstester\u201d"},"content":{"rendered":"<p>USA:s vicepresident JD Vance f\u00f6rs\u00f6kte i\u202fnatt ena sitt parti under den sista dagen av konferensen Americafest genom att skifta fokus till oppositionen, skriver Politico. Detta efter att flera topprepublikaner rykt ihop och l\u00e5tit f\u00f6rol\u00e4mpningarna hagla mot varandra i flera dagar.<\/p>\n<p>Han kallade de senaste dagarnas pajkastning f\u00f6r \u201d\u00e4ndl\u00f6sa, sj\u00e4lvdestruktiva renl\u00e4righetstester\u201d.<\/p>\n<p>\u2013 Vi har l\u00e5ngt viktigare arbete att g\u00f6ra \u00e4n att ut\u00f6va cancelkultur mot varandra, sa han.<\/p>\n<p>JD Vance gick i\u202fst\u00e4llet h\u00e5rt \u00e5t \u201dden yttersta v\u00e4nstern\u201d inom Demokraterna och la skulden f\u00f6r mordet p\u00e5 Charlie Kirk p\u00e5 deras politik.<\/p>\n<p>Ordkriget tog fart n\u00e4r den konservative internetdebatt\u00f6ren Ben Shapiro under sin talartid attackerade andra profilerade republikaner. Han kallade bland andra Tucker Carlson, Candace Owens och Steve Bannon f\u00f6r \u201dbedragare och svindlare\u201d.<\/p>\n<p>Omni \u00e4r politiskt obundna och oberoende. Vi str\u00e4var efter att ge fler perspektiv p\u00e5 nyheterna. Har du fr\u00e5gor eller synpunkter kring v\u00e5r rapportering? <a href=\"https:\/\/omni.se\/jd-vance-om-pajkastningen-ar-renlarighetstester\/a\/mailto:redaktion@omni.se\" class=\"ArticleActions_contactLink__W2F1M\" rel=\"nofollow noopener\" target=\"_blank\">Kontakta redaktionen<\/a><\/p>\n","protected":false},"excerpt":{"rendered":"USA:s vicepresident JD Vance f\u00f6rs\u00f6kte i\u202fnatt ena sitt parti under den sista dagen av konferensen Americafest genom att&hellip;\n","protected":false},"author":2,"featured_media":113425,"comment_status":"","ping_status":"","sticky":false,"template":"","format":"standard","meta":{"footnotes":""},"categories":[14],"tags":[387,22,23,3302,385,26,27,17,21,403,24,25,28,29,15,268,16,18,34,5940,31,33,32,30,19,20,12324,74,51,52,53,54],"class_list":{"0":"post-113424","1":"post","2":"type-post","3":"status-publish","4":"format-standard","5":"has-post-thumbnail","7":"category-varlden","8":"tag-amerikansk-politik","9":"tag-breaking-news","10":"tag-breakingnews","11":"tag-charlie-kirk","12":"tag-donald-trump","13":"tag-featured-news","14":"tag-featurednews","15":"tag-headlines","16":"tag-huvudnyheter","17":"tag-jd-vance","18":"tag-latest-news","19":"tag-latestnews","20":"tag-main-news","21":"tag-mainnews","22":"tag-news","23":"tag-nordamerika","24":"tag-nyheter","25":"tag-rubriker","26":"tag-se","27":"tag-steve-bannon","28":"tag-svenska","29":"tag-sverige","30":"tag-sweden","31":"tag-swedish","32":"tag-top-stories","33":"tag-topstories","34":"tag-tucker-carlson","35":"tag-usa","36":"tag-varlden","37":"tag-world","38":"tag-world-news","39":"tag-worldnews"},"share_on_mastodon":{"url":"https:\/\/pubeurope.com\/@se\/115761508922843964","error":""},"_links":{"self":[{"href":"https:\/\/www.europesays.com\/se\/wp-json\/wp\/v2\/posts\/113424","targetHints":{"allow":["GET"]}}],"collection":[{"href":"https:\/\/www.europesays.com\/se\/wp-json\/wp\/v2\/posts"}],"about":[{"href":"https:\/\/www.europesays.com\/se\/wp-json\/wp\/v2\/types\/post"}],"author":[{"embeddable":true,"href":"https:\/\/www.europesays.com\/se\/wp-json\/wp\/v2\/users\/2"}],"replies":[{"embeddable":true,"href":"https:\/\/www.europesays.com\/se\/wp-json\/wp\/v2\/comments?post=113424"}],"version-history":[{"count":0,"href":"https:\/\/www.europesays.com\/se\/wp-json\/wp\/v2\/posts\/113424\/revisions"}],"wp:featuredmedia":[{"embeddable":true,"href":"https:\/\/www.europesays.com\/se\/wp-json\/wp\/v2\/media\/113425"}],"wp:attachment":[{"href":"https:\/\/www.europesays.com\/se\/wp-json\/wp\/v2\/media?parent=113424"}],"wp:term":[{"taxonomy":"category","embeddable":true,"href":"https:\/\/www.europesays.com\/se\/wp-json\/wp\/v2\/categories?post=113424"},{"taxonomy":"post_tag","embeddable":true,"href":"https:\/\/www.europesays.com\/se\/wp-json\/wp\/v2\/tags?post=113424"}],"curies":[{"name":"wp","href":"https:\/\/api.w.org\/{rel}","templated":true}]}}