{"id":113430,"date":"2025-12-22T05:17:07","date_gmt":"2025-12-22T05:17:07","guid":{"rendered":"https:\/\/www.europesays.com\/se\/113430\/"},"modified":"2025-12-22T05:17:07","modified_gmt":"2025-12-22T05:17:07","slug":"karlsson-pa-taket-far-nytt-liv-i-barnradion-pressinformation","status":"publish","type":"post","link":"https:\/\/www.europesays.com\/se\/113430\/","title":{"rendered":"Karlsson p\u00e5 taket f\u00e5r nytt liv i Barnradion &#8211; Pressinformation"},"content":{"rendered":"<p>Karlsson \u00e4r, enligt sig sj\u00e4lv, en vacker, genomklok och lagom tjock man i sina b\u00e4sta \u00e5r.\u00a0 Tillsammans med Lillebror g\u00f6r han olika bus och uppt\u00e5g \u2013 de smyger p\u00e5 Lillebrors storasyster, de skr\u00e4mmer inbrottstjuvar, de tr\u00f6star en gr\u00e5tande bebis de hittar i en vindsv\u00e5ning och mycket annat.<\/p>\n<p>Sk\u00e5despelaren <strong>Eric Stern<\/strong>, k\u00e4nd fr\u00e5n roller i bland annat Sj\u00f6lyckan, Terese i kassan, Liv och d\u00f6d Str\u00f6mquist, spelar Karlsson och funderar p\u00e5 vad det \u00e4r f\u00f6r en figur egentligen:<\/p>\n<p>\u2013 Karlsson visar hur det \u00e4r att vara ett barn och en vuxen p\u00e5 samma g\u00e5ng. N\u00e5got som vi kanske borde ta mer inspiration av. Det intressanta med Karlsson \u00e4r att jag inte \u00e4r s\u00e5 s\u00e4ker p\u00e5 att han l\u00e4r sig s\u00e5 mycket mer \u00e4n att det blir roligare om man samarbetar och lyssnar lite p\u00e5 varandra i st\u00e4llet f\u00f6r att bara k\u00f6ra sitt eget race, s\u00e4ger <strong>Eric Stern<\/strong>.<\/p>\n<p>Lillebror och Karlsson p\u00e5 taket \u00e4r Astrid Lindgrens f\u00f6rsta bok om Karlsson p\u00e5 taket, utgiven 1955. H\u00e4r tr\u00e4ffar Lillebror den m\u00e4rkliga figuren Karlsson f\u00f6r f\u00f6rsta g\u00e5ngen.<\/p>\n<p>\u2013 F\u00f6r de vuxna \u00e4r Karlsson ganska p\u00e5frestande; han bryr sig inte om vanliga regler och tar g\u00e4rna plats. F\u00f6r Lillebror \u00e4r han en lekfull och sp\u00e4nnande v\u00e4n som f\u00e5r vardagen att bli roligare. Lillebror l\u00e4r sig mycket av Karlssons inst\u00e4llning till livet och jag tycker att man m\u00e4rker hur Lillebror blir mer och mer trygg i sig sj\u00e4lv under ber\u00e4ttelsens lopp. Ber\u00e4ttelsen om Lillebror och Karlsson p\u00e5 taket \u00e4r en perfekt sk\u00e4rmfri lyssningsupplevelse f\u00f6r hela familjen under julen, s\u00e4ger <strong>Per Palmqvist<\/strong>, samordnare f\u00f6r Barnradion.<\/p>\n<p><strong>Medverkande:<\/strong><\/p>\n<p>Karlsson p\u00e5 taket \u2013 Eric Stern<br \/>Lillebror \u2013 Marley Norstad<br \/>Ber\u00e4ttare \u2013 Astrid Lindgren<br \/>Regi \u2013 Klara Fred\u00e9n<br \/>Musik \u2013 Ludvig Jansson<br \/>Ljuddesign \u2013 Miriam Berhan<br \/>Producent \u2013 Madeleine Nilsson<br \/>Manusbearbetning &#8211; Eva Staaf och Camilla van der Meer S\u00f6derberg<br \/>Exekutiva producenter \u2013 Marie Wennersten och Per Palmqvist<\/p>\n<p>Alla avsnitt sl\u00e4pps i appen Sveriges Radio den 25 december.<\/p>\n<p>Lyssna p\u00e5 Karlsson p\u00e5 taket h\u00e4r: <a class=\"external-link\" rel=\"noreferrer noopener nofollow\" target=\"_blank\" href=\"https:\/\/sverigesradio.se\/play\/program\/2998\"><a class=\"internal-link\" target=\"_self\" href=\"https:\/\/sverigesradio.se\/play\/program\/2998\" rel=\"nofollow noopener\"><a target=\"_blank\" rel=\"noopener noreferrer nofollow\" href=\"https:\/\/sverigesradio.se\/play\/program\/2998\">https:\/\/sverigesradio.se\/play\/program\/2998<\/a>\u00a0<\/p>\n<p>Pressbilder: <a class=\"external-link\" rel=\"noreferrer noopener nofollow\" target=\"_blank\" href=\"https:\/\/sverigesradio.bildbank.se\/sv\/delad\/aj3wrdg04t\"><a class=\"internal-link\" target=\"_self\" href=\"https:\/\/sverigesradio.bildbank.se\/sv\/delad\/aj3wrdg04t\" rel=\"nofollow noopener\"><a target=\"_blank\" rel=\"noopener noreferrer nofollow\" href=\"https:\/\/sverigesradio.bildbank.se\/sv\/delad\/aj3wrdg04t\">https:\/\/sverigesradio.bildbank.se\/sv\/delad\/aj3wrdg04t<\/a> <br \/>Foto: Patrycja Gajewska\/Sveriges Radio<\/p>\n<p><strong>F\u00f6r mer information, v\u00e4nligen kontakta:<\/strong><br \/><strong><br \/><\/strong>Per Palmqvist, samordnare Barnradion<a class=\"external-link\" rel=\"noreferrer noopener nofollow\" target=\"_blank\" href=\"https:\/\/www.sverigesradio.se\/artikel\/mailto:Barnradion\ufffcper.palmqvist@sverigesradio.se\"><a class=\"internal-link\" target=\"_self\" href=\"https:\/\/www.sverigesradio.se\/artikel\/mailto:Barnradion\ufffcper.palmqvist@sverigesradio.se\" rel=\"nofollow noopener\"><a target=\"_blank\" rel=\"noopener noreferrer nofollow\" href=\"https:\/\/www.sverigesradio.se\/artikel\/mailto:Barnradion\ufffcper.palmqvist@sverigesradio.se\"><br \/>per.palmqvist@sverigesradio.se<\/a><br \/>079-066 31 07<\/p>\n<p>Susanna M\u00f6rner, pressansvarig<a class=\"external-link\" rel=\"noreferrer noopener nofollow\" target=\"_blank\" href=\"https:\/\/www.sverigesradio.se\/artikel\/mailto:pressansvarig\ufffcsusanna.morner@sverigesradio.se\"><a class=\"internal-link\" target=\"_self\" href=\"https:\/\/www.sverigesradio.se\/artikel\/mailto:pressansvarig\ufffcsusanna.morner@sverigesradio.se\" rel=\"nofollow noopener\"><a target=\"_blank\" rel=\"noopener noreferrer nofollow\" href=\"https:\/\/www.sverigesradio.se\/artikel\/mailto:pressansvarig\ufffcsusanna.morner@sverigesradio.se\"><br \/>susanna.morner@sverigesradio.se<\/a>\u00a0\u00a0<br \/>070-083 97 37<\/p>\n","protected":false},"excerpt":{"rendered":"Karlsson \u00e4r, enligt sig sj\u00e4lv, en vacker, genomklok och lagom tjock man i sina b\u00e4sta \u00e5r.\u00a0 Tillsammans med&hellip;\n","protected":false},"author":2,"featured_media":113431,"comment_status":"","ping_status":"","sticky":false,"template":"","format":"standard","meta":{"footnotes":""},"categories":[67],"tags":[104,1183,1184,1181,1180,34,1182,31,33,32,30,105],"class_list":{"0":"post-113430","1":"post","2":"type-post","3":"status-publish","4":"format-standard","5":"has-post-thumbnail","7":"category-underhallning","8":"tag-entertainment","9":"tag-press-sr","10":"tag-pressinfo-sr","11":"tag-pressinformation-sr","12":"tag-presstjnsten-sveriges-radio","13":"tag-se","14":"tag-sr-press","15":"tag-svenska","16":"tag-sverige","17":"tag-sweden","18":"tag-swedish","19":"tag-underhallning"},"share_on_mastodon":{"url":"https:\/\/pubeurope.com\/@se\/115761528417200493","error":""},"_links":{"self":[{"href":"https:\/\/www.europesays.com\/se\/wp-json\/wp\/v2\/posts\/113430","targetHints":{"allow":["GET"]}}],"collection":[{"href":"https:\/\/www.europesays.com\/se\/wp-json\/wp\/v2\/posts"}],"about":[{"href":"https:\/\/www.europesays.com\/se\/wp-json\/wp\/v2\/types\/post"}],"author":[{"embeddable":true,"href":"https:\/\/www.europesays.com\/se\/wp-json\/wp\/v2\/users\/2"}],"replies":[{"embeddable":true,"href":"https:\/\/www.europesays.com\/se\/wp-json\/wp\/v2\/comments?post=113430"}],"version-history":[{"count":0,"href":"https:\/\/www.europesays.com\/se\/wp-json\/wp\/v2\/posts\/113430\/revisions"}],"wp:featuredmedia":[{"embeddable":true,"href":"https:\/\/www.europesays.com\/se\/wp-json\/wp\/v2\/media\/113431"}],"wp:attachment":[{"href":"https:\/\/www.europesays.com\/se\/wp-json\/wp\/v2\/media?parent=113430"}],"wp:term":[{"taxonomy":"category","embeddable":true,"href":"https:\/\/www.europesays.com\/se\/wp-json\/wp\/v2\/categories?post=113430"},{"taxonomy":"post_tag","embeddable":true,"href":"https:\/\/www.europesays.com\/se\/wp-json\/wp\/v2\/tags?post=113430"}],"curies":[{"name":"wp","href":"https:\/\/api.w.org\/{rel}","templated":true}]}}