{"id":113434,"date":"2025-12-22T05:20:18","date_gmt":"2025-12-22T05:20:18","guid":{"rendered":"https:\/\/www.europesays.com\/se\/113434\/"},"modified":"2025-12-22T05:20:18","modified_gmt":"2025-12-22T05:20:18","slug":"i-dag-ber-jag-om-att-fa-vara-till-nytta-for-herren","status":"publish","type":"post","link":"https:\/\/www.europesays.com\/se\/113434\/","title":{"rendered":"I dag ber jag om att f\u00e5 vara till nytta f\u00f6r Herren"},"content":{"rendered":"<p class=\"kicker tertiary color_mobile_tertiary\" style=\"\">Kultur<\/p>\n<p>    Christian Ingebrigtsen blev flickidol i A1, ett av v\u00e4rldens st\u00f6rsta pojkband runt millennieskiftet \u2013 men upplevde det tuffa bakslaget n\u00e4r framg\u00e5ngen avtog &#8211; d\u00e5 fann han tr\u00f6st i sin tro.<\/p>\n<p>\n        Artist Christian Ingebrigtsen i sitt studio p\u00e5 Abilds\u00f8 g\u00e5rd i Oslo.<br \/>\n        Erlend Berge\/V\u00e5rt Land\n    <\/p>\n<p>    N\u00e4r framg\u00e5ngen avtog fann Christian Ingebrigtsen tr\u00f6st i tron. I dag g\u00e5r den tidigare stj\u00e4rnan fr\u00e5n pojkbandet A1 inte ut genom d\u00f6rren innan han har bett till Gud.\u00a0<\/p>\n","protected":false},"excerpt":{"rendered":"Kultur Christian Ingebrigtsen blev flickidol i A1, ett av v\u00e4rldens st\u00f6rsta pojkband runt millennieskiftet \u2013 men upplevde det&hellip;\n","protected":false},"author":2,"featured_media":113435,"comment_status":"","ping_status":"","sticky":false,"template":"","format":"standard","meta":{"footnotes":""},"categories":[14],"tags":[22,23,26,27,17,21,24,25,28,29,15,16,18,34,31,33,32,30,19,20,51,52,53,54],"class_list":{"0":"post-113434","1":"post","2":"type-post","3":"status-publish","4":"format-standard","5":"has-post-thumbnail","7":"category-varlden","8":"tag-breaking-news","9":"tag-breakingnews","10":"tag-featured-news","11":"tag-featurednews","12":"tag-headlines","13":"tag-huvudnyheter","14":"tag-latest-news","15":"tag-latestnews","16":"tag-main-news","17":"tag-mainnews","18":"tag-news","19":"tag-nyheter","20":"tag-rubriker","21":"tag-se","22":"tag-svenska","23":"tag-sverige","24":"tag-sweden","25":"tag-swedish","26":"tag-top-stories","27":"tag-topstories","28":"tag-varlden","29":"tag-world","30":"tag-world-news","31":"tag-worldnews"},"share_on_mastodon":{"url":"https:\/\/pubeurope.com\/@se\/115761540216355074","error":""},"_links":{"self":[{"href":"https:\/\/www.europesays.com\/se\/wp-json\/wp\/v2\/posts\/113434","targetHints":{"allow":["GET"]}}],"collection":[{"href":"https:\/\/www.europesays.com\/se\/wp-json\/wp\/v2\/posts"}],"about":[{"href":"https:\/\/www.europesays.com\/se\/wp-json\/wp\/v2\/types\/post"}],"author":[{"embeddable":true,"href":"https:\/\/www.europesays.com\/se\/wp-json\/wp\/v2\/users\/2"}],"replies":[{"embeddable":true,"href":"https:\/\/www.europesays.com\/se\/wp-json\/wp\/v2\/comments?post=113434"}],"version-history":[{"count":0,"href":"https:\/\/www.europesays.com\/se\/wp-json\/wp\/v2\/posts\/113434\/revisions"}],"wp:featuredmedia":[{"embeddable":true,"href":"https:\/\/www.europesays.com\/se\/wp-json\/wp\/v2\/media\/113435"}],"wp:attachment":[{"href":"https:\/\/www.europesays.com\/se\/wp-json\/wp\/v2\/media?parent=113434"}],"wp:term":[{"taxonomy":"category","embeddable":true,"href":"https:\/\/www.europesays.com\/se\/wp-json\/wp\/v2\/categories?post=113434"},{"taxonomy":"post_tag","embeddable":true,"href":"https:\/\/www.europesays.com\/se\/wp-json\/wp\/v2\/tags?post=113434"}],"curies":[{"name":"wp","href":"https:\/\/api.w.org\/{rel}","templated":true}]}}