{"id":113436,"date":"2025-12-22T05:21:13","date_gmt":"2025-12-22T05:21:13","guid":{"rendered":"https:\/\/www.europesays.com\/se\/113436\/"},"modified":"2025-12-22T05:21:13","modified_gmt":"2025-12-22T05:21:13","slug":"regeringens-framsta-julhalsning-dar-ar-dorren","status":"publish","type":"post","link":"https:\/\/www.europesays.com\/se\/113436\/","title":{"rendered":"Regeringens fr\u00e4msta julh\u00e4lsning: \u201dD\u00e4r \u00e4r d\u00f6rren\u201d"},"content":{"rendered":"<p>I diktsamlingen Barbar [tystnadens objekt] skriver den danska poeten Amina Elmi om hur det \u00e4r att v\u00e4lkomna tillbaka sin mor efter en resa till hemlandet:<\/p>\n<p>\u201dmin mamma har kommit hem fr\u00e5n en resa till hemlandet, s\u00e4ger jag och jag t\u00e4nker att den meningen egentligen sk\u00e4r i mig som en kniv eftersom jag inser att hem f\u00f6r mig inte \u00e4r hem f\u00f6r mamma [&#8230;]\u201d<\/p>\n<p>Jag t\u00e4nker att Elmi beskriver ett sorts hack som finns hos alla migranter, kanske \u00e4nnu mer i deras barn. Det g\u00f6r ocks\u00e5 rasisternas favorituttryck \u201d\u00e5k hem d\u00e5!\u201d helt absurd. Till och med jag har f\u00e5tt h\u00f6ra det, n\u00e4r n\u00e5gon Sverigedemokrat blivit riktigt uppr\u00f6rd och uppt\u00e4ckt att jag inte \u00e4r f\u00f6dd i Sverige.<\/p>\n<p><b>Men vadd\u00e5 hem? <\/b>Ett tidigare hem bor n\u00e5gonstans i min mamma, problemet \u00e4r att jag aldrig kan n\u00e5 dit. Det kan hon inte heller. Det finns inget att \u00e5terv\u00e4nda till. Bara n\u00e5got annat, ett minne, en doft.<\/p>\n<p>Jul \u00e4r annars hemmens tid. Vi \u00e5ker till sl\u00e4kten, till gamla ton\u00e5rsrum som st\u00e5r kvar helt of\u00f6r\u00e4ndrade i v\u00e5ra f\u00f6r\u00e4ldrars hus. Eller s\u00e5 \u00e4r det vi sj\u00e4lva som tar emot, i kris och panik mellan julklappshandel och skinkkok, allt i en desperat jakt efter att forma de perfekta julminnena f\u00f6r v\u00e5ra barn.<\/p>\n<p>P\u00e5 grund av samvaron \u00e4r julen ocks\u00e5 plats f\u00f6r m\u00e5nga samtal om ensamhet. Om dem som inte har n\u00e5gonstans att vara. De bokstavligen heml\u00f6sa men ocks\u00e5 de bildligen heml\u00f6sa som m\u00e5 ha tak \u00f6ver huvudet men inga relationer att ha ett hem med.<\/p>\n<p><b>Min mamma <\/b>brukade alltid h\u00e5lla v\u00e5ra julaftnar \u00f6ppna f\u00f6r de sistn\u00e4mnda i umg\u00e4ngeskretsen. P\u00e5 s\u00e5 vis har min barndoms traditionella jular varit ungef\u00e4r lika flyktiga som den d\u00e4r id\u00e9n om ett ursprungshem. Olika m\u00e4nniskor kom och gick. Vissa \u00e5r hade en viss v\u00e4n en bra relation till sin familj. Ett annat \u00e5r hade de brutit upp igen, och d\u00e5 satt han eller hon kring v\u00e5rt julbord och \u00e5t morotsl\u00e5da.<\/p>\n<p>\u201dDet g\u00e5r alltid att hitta en tallrik till\u201d brukar min mamma s\u00e4ga, och kanske \u00e4r just det i slut\u00e4ndan vad som \u00e4r ett hem f\u00f6r mig. En \u00f6ppen d\u00f6rr. Empati.<\/p>\n<p><b>Regeringen f\u00f6rbereder just <\/b>nu en lag som ska g\u00f6ra det m\u00f6jligt att \u00e5terkalla permanenta uppeh\u00e5llstillst\u00e5nd. Det hela \u00e4r i praktiken ett hot om global heml\u00f6shet f\u00f6r alla i Sverige som inte har medborgarskap (men \u00e4ven s\u00e5dana ska kunna \u00e5terkallas tycker starka r\u00f6ster, inte minst inom SD). Det \u00e4r i praktiken ocks\u00e5 att s\u00e4ga till varje invandrare med uppeh\u00e5llstillst\u00e5nd att detta egentligen inte \u00e4r deras hem, hur mycket de \u00e4n arbetat, hur m\u00e5nga relationer de \u00e4n byggt h\u00e4r.<\/p>\n<p>Det \u00e4r sv\u00e5rt att f\u00f6rest\u00e4lla sig att leva med ett s\u00e5dant hot h\u00e4ngande \u00f6ver huvudet. Vad \u00e4r ett liv d\u00e4r ingen plats har potentialen att bli ett permanent hem? Du kan varken g\u00e5 bak\u00e5t eller fram\u00e5t. Ett helt liv i ett mellanrum.<\/p>\n<p>En s\u00e5dan psykologisk tyngd \u00e4r n\u00e4stan om\u00f6jlig att ta in, kanske s\u00e4rskilt f\u00f6r de svenskar som tror att alla har n\u00e5gon form av paradis att \u00e5terv\u00e4nda till eller \u00e5teruppbygga, som det d\u00e4r ton\u00e5rsrummet som st\u00e5r som kvar som ett museum \u00f6ver all ouppfylld potential.<\/p>\n<p>Amina Elmi skriver:<\/p>\n<p>\u201dvar kan vi finnas till f\u00f6r fritid, l\u00e4sa krim och l\u00e4ra oss sticka<\/p>\n<p>var kan vi finnas till utan att p\u00e5minna varandra om<\/p>\n<p>vad v\u00e5ra kroppar representerar i v\u00e4rlden: en akuthet\u201d<\/p>\n<p>Regeringens fr\u00e4msta julh\u00e4lsning i \u00e5r \u00e4r \u201dd\u00e4r \u00e4r d\u00f6rren\u201d. Jag tror inte vi lever i en samtid som kommer att l\u00e5ta d\u00f6rren st\u00e5 \u00f6ppen f\u00f6r alla. Men i en klassisk julber\u00e4ttelse hade regeringen \u00e5tminstone hems\u00f6kts av tre sp\u00f6ken som l\u00e4r dem en l\u00e4xa om hem.<\/p>\n","protected":false},"excerpt":{"rendered":"I diktsamlingen Barbar [tystnadens objekt] skriver den danska poeten Amina Elmi om hur det \u00e4r att v\u00e4lkomna tillbaka&hellip;\n","protected":false},"author":2,"featured_media":113437,"comment_status":"","ping_status":"","sticky":false,"template":"","format":"standard","meta":{"footnotes":""},"categories":[12],"tags":[22,23,26,27,17,21,24,25,28,29,15,16,18,34,31,33,32,30,19,20],"class_list":{"0":"post-113436","1":"post","2":"type-post","3":"status-publish","4":"format-standard","5":"has-post-thumbnail","7":"category-sverige","8":"tag-breaking-news","9":"tag-breakingnews","10":"tag-featured-news","11":"tag-featurednews","12":"tag-headlines","13":"tag-huvudnyheter","14":"tag-latest-news","15":"tag-latestnews","16":"tag-main-news","17":"tag-mainnews","18":"tag-news","19":"tag-nyheter","20":"tag-rubriker","21":"tag-se","22":"tag-svenska","23":"tag-sverige","24":"tag-sweden","25":"tag-swedish","26":"tag-top-stories","27":"tag-topstories"},"share_on_mastodon":{"url":"https:\/\/pubeurope.com\/@se\/115761544111340608","error":""},"_links":{"self":[{"href":"https:\/\/www.europesays.com\/se\/wp-json\/wp\/v2\/posts\/113436","targetHints":{"allow":["GET"]}}],"collection":[{"href":"https:\/\/www.europesays.com\/se\/wp-json\/wp\/v2\/posts"}],"about":[{"href":"https:\/\/www.europesays.com\/se\/wp-json\/wp\/v2\/types\/post"}],"author":[{"embeddable":true,"href":"https:\/\/www.europesays.com\/se\/wp-json\/wp\/v2\/users\/2"}],"replies":[{"embeddable":true,"href":"https:\/\/www.europesays.com\/se\/wp-json\/wp\/v2\/comments?post=113436"}],"version-history":[{"count":0,"href":"https:\/\/www.europesays.com\/se\/wp-json\/wp\/v2\/posts\/113436\/revisions"}],"wp:featuredmedia":[{"embeddable":true,"href":"https:\/\/www.europesays.com\/se\/wp-json\/wp\/v2\/media\/113437"}],"wp:attachment":[{"href":"https:\/\/www.europesays.com\/se\/wp-json\/wp\/v2\/media?parent=113436"}],"wp:term":[{"taxonomy":"category","embeddable":true,"href":"https:\/\/www.europesays.com\/se\/wp-json\/wp\/v2\/categories?post=113436"},{"taxonomy":"post_tag","embeddable":true,"href":"https:\/\/www.europesays.com\/se\/wp-json\/wp\/v2\/tags?post=113436"}],"curies":[{"name":"wp","href":"https:\/\/api.w.org\/{rel}","templated":true}]}}