{"id":113444,"date":"2025-12-22T05:34:08","date_gmt":"2025-12-22T05:34:08","guid":{"rendered":"https:\/\/www.europesays.com\/se\/113444\/"},"modified":"2025-12-22T05:34:08","modified_gmt":"2025-12-22T05:34:08","slug":"ankas-alkoholkrav-pa-maken-haft-det-jobbigt","status":"publish","type":"post","link":"https:\/\/www.europesays.com\/se\/113444\/","title":{"rendered":"Ankas alkoholkrav p\u00e5 maken: \u201dHaft det jobbigt\u201d"},"content":{"rendered":"<p>Publicerad 22 dec 2025 kl 06.28<\/p>\n<p>I \u201dSemester med Garplind\u201d tar Anna Anka en alkoholhaltig drink f\u00f6r f\u00f6rsta g\u00e5ngen p\u00e5 flera decennier.<\/p>\n<p>Hollywoodfrun dricker inte \u2013 och det \u00e4r ocks\u00e5 ett krav hon st\u00e4llt p\u00e5 sin make.<\/p>\n<p>\u2013\u00a0Jag sade att jag aldrig skulle vilja vara med en man som dricker d\u00e5 jag sj\u00e4lv haft det jobbigt under min barndom med alkohol, har hon sagt till <a href=\"https:\/\/www.hant.se\/noje\/anna-ankas-livsforandring-efter-skandalerna-darfor-har-hon-slutat-dricka\/11198069\" rel=\"nofollow noopener\" target=\"_blank\">H\u00e4nt<\/a>.<\/p>\n<p>Senaste klippen fr\u00e5n Expressen inom n\u00f6je.<img   alt=\"\"\/><\/p>\n<p>Anna Anka och Christopher Garplind i \u201dSemester med Garplind\u201d.<\/p>\n<p>Foto: SVT<\/p>\n<p>\u00d6ppna bild i helsk\u00e4rm<img loading=\"lazy\"   alt=\"\"\/><\/p>\n<p>Anna Anka och David Johansson.<\/p>\n<p>\u00d6ppna bild i helsk\u00e4rm<\/p>\n<p>I veckan s\u00e4ndes det sista avsnittet av \u201dSemester med Garplind\u201d i SVT. D\u00e5 reste tv-profilen till Trestad tillsammans med Hollywoodfrun <a href=\"https:\/\/www.expressen.se\/tagg\/person\/anna-anka\/\" class=\"\" rel=\"nofollow noopener\" target=\"_blank\">Anna Anka<\/a>.\u00a0<\/p>\n<p>I programmet b\u00f6rjar duon diskutera sina alkoholvanor.<\/p>\n<p>\u2013 N\u00e4r var du full senast? fr\u00e5gar Christopher Garplind.\u00a0<\/p>\n<p>\u2013 S\u00e4kert 20 eller 30 \u00e5r sedan, svarar Anka.\u00a0<\/p>\n<p>Garplind sk\u00e4mtar om att han kommer att f\u00e5 uppleva Anna Ankas \u00e5terfall \u2013\u00a0hon har n\u00e4mligen inte druckit alkohol p\u00e5 flera decennier. I baren best\u00e4ller hon en mojito.\u00a0<\/p>\n<p>\u201dHaft det jobbigt under min barndom med alkohol\u201d<\/p>\n<p>Hollywoodfrun har tidigare ber\u00e4ttat f\u00f6r <a href=\"https:\/\/www.hant.se\/noje\/anna-ankas-livsforandring-efter-skandalerna-darfor-har-hon-slutat-dricka\/11198069\" rel=\"nofollow noopener\" target=\"_blank\">H\u00e4nt<\/a> att hon varit i f\u00f6rh\u00e5llanden d\u00e4r alkoholen varit ett problem, och n\u00e4r hon tr\u00e4ffade maken David Johansson st\u00e4llde hon ett tydligt krav:<\/p>\n<p>\u2013 Jag sade att jag aldrig skulle vilja vara med en man som dricker d\u00e5 jag sj\u00e4lv haft det jobbigt under min barndom med alkohol, sa hon till H\u00e4nt i en intervju fr\u00e5n 2020.<\/p>\n<p>\u2013 S\u00e5 d\u00e4rf\u00f6r vill jag inte exponera mig sj\u00e4lv f\u00f6r s\u00e5dana m\u00f6jligheter d\u00e4r jag kan m\u00e5 d\u00e5ligt f\u00f6r att personen jag \u00e4r med har problem med spriten eller droger eller vad det nu kan vara, fortsatte hon.<\/p>\n<p>Dagen efter utekv\u00e4llen med Garplind fr\u00e5gar tv-profilen om hon k\u00e4nner sig bakfull, vilket hon inte g\u00f6r.\u00a0<\/p>\n<p>\u2013 Nej, jag smygsippade hela kv\u00e4llen, s\u00e4ger hon.<\/p>\n","protected":false},"excerpt":{"rendered":"Publicerad 22 dec 2025 kl 06.28 I \u201dSemester med Garplind\u201d tar Anna Anka en alkoholhaltig drink f\u00f6r f\u00f6rsta&hellip;\n","protected":false},"author":2,"featured_media":113445,"comment_status":"","ping_status":"","sticky":false,"template":"","format":"standard","meta":{"footnotes":""},"categories":[67],"tags":[104,361,6050,34,31,33,32,30,219,310,105],"class_list":{"0":"post-113444","1":"post","2":"type-post","3":"status-publish","4":"format-standard","5":"has-post-thumbnail","7":"category-underhallning","8":"tag-entertainment","9":"tag-organization-svt","10":"tag-person-anna-anka","11":"tag-se","12":"tag-svenska","13":"tag-sverige","14":"tag-sweden","15":"tag-swedish","16":"tag-topic-alkohol","17":"tag-topic-kandisar","18":"tag-underhallning"},"share_on_mastodon":{"url":"https:\/\/pubeurope.com\/@se\/115761595270543239","error":""},"_links":{"self":[{"href":"https:\/\/www.europesays.com\/se\/wp-json\/wp\/v2\/posts\/113444","targetHints":{"allow":["GET"]}}],"collection":[{"href":"https:\/\/www.europesays.com\/se\/wp-json\/wp\/v2\/posts"}],"about":[{"href":"https:\/\/www.europesays.com\/se\/wp-json\/wp\/v2\/types\/post"}],"author":[{"embeddable":true,"href":"https:\/\/www.europesays.com\/se\/wp-json\/wp\/v2\/users\/2"}],"replies":[{"embeddable":true,"href":"https:\/\/www.europesays.com\/se\/wp-json\/wp\/v2\/comments?post=113444"}],"version-history":[{"count":0,"href":"https:\/\/www.europesays.com\/se\/wp-json\/wp\/v2\/posts\/113444\/revisions"}],"wp:featuredmedia":[{"embeddable":true,"href":"https:\/\/www.europesays.com\/se\/wp-json\/wp\/v2\/media\/113445"}],"wp:attachment":[{"href":"https:\/\/www.europesays.com\/se\/wp-json\/wp\/v2\/media?parent=113444"}],"wp:term":[{"taxonomy":"category","embeddable":true,"href":"https:\/\/www.europesays.com\/se\/wp-json\/wp\/v2\/categories?post=113444"},{"taxonomy":"post_tag","embeddable":true,"href":"https:\/\/www.europesays.com\/se\/wp-json\/wp\/v2\/tags?post=113444"}],"curies":[{"name":"wp","href":"https:\/\/api.w.org\/{rel}","templated":true}]}}