{"id":113450,"date":"2025-12-22T05:38:09","date_gmt":"2025-12-22T05:38:09","guid":{"rendered":"https:\/\/www.europesays.com\/se\/113450\/"},"modified":"2025-12-22T05:38:09","modified_gmt":"2025-12-22T05:38:09","slug":"uppgifter-jattebeslag-av-kokain-i-nykvarn","status":"publish","type":"post","link":"https:\/\/www.europesays.com\/se\/113450\/","title":{"rendered":"Uppgifter: J\u00e4ttebeslag av kokain i Nykvarn"},"content":{"rendered":"<p>Poliser fr\u00e5n Stockholm, Botkyrka och S\u00f6dert\u00e4lje deltog i insatsen i Nykvarn utanf\u00f6r S\u00f6dert\u00e4lje under fredagen. <\/p>\n<p>Enligt <a href=\"https:\/\/www.lt.se\/2025-12-21\/rekordbeslag-av-kokain-i-nykvarn\/\" rel=\"nofollow noopener\" target=\"_blank\">LT:s uppgifter<\/a> r\u00f6r det sig om minst 250 kilo kokain som beslagtagits i samband med tillslaget, men polisen \u00e4r \u00e4nnu inte s\u00e4kra p\u00e5 den exakta m\u00e4ngden. <\/p>\n<p>Det kan vara det st\u00f6rsta kokainbeslaget n\u00e5gonsin i regionen, enligt polisens teori. <\/p>\n<p>Kvinnan som greps i samband med tillslaget ska inte vara k\u00e4nd av polisen sedan tidigare. <\/p>\n","protected":false},"excerpt":{"rendered":"Poliser fr\u00e5n Stockholm, Botkyrka och S\u00f6dert\u00e4lje deltog i insatsen i Nykvarn utanf\u00f6r S\u00f6dert\u00e4lje under fredagen. Enligt LT:s uppgifter&hellip;\n","protected":false},"author":2,"featured_media":793,"comment_status":"","ping_status":"","sticky":false,"template":"","format":"standard","meta":{"footnotes":""},"categories":[12],"tags":[22,23,26,27,17,21,24,25,28,29,15,16,18,34,31,33,32,30,19,20],"class_list":{"0":"post-113450","1":"post","2":"type-post","3":"status-publish","4":"format-standard","5":"has-post-thumbnail","7":"category-sverige","8":"tag-breaking-news","9":"tag-breakingnews","10":"tag-featured-news","11":"tag-featurednews","12":"tag-headlines","13":"tag-huvudnyheter","14":"tag-latest-news","15":"tag-latestnews","16":"tag-main-news","17":"tag-mainnews","18":"tag-news","19":"tag-nyheter","20":"tag-rubriker","21":"tag-se","22":"tag-svenska","23":"tag-sverige","24":"tag-sweden","25":"tag-swedish","26":"tag-top-stories","27":"tag-topstories"},"share_on_mastodon":{"url":"https:\/\/pubeurope.com\/@se\/115761610913515886","error":""},"_links":{"self":[{"href":"https:\/\/www.europesays.com\/se\/wp-json\/wp\/v2\/posts\/113450","targetHints":{"allow":["GET"]}}],"collection":[{"href":"https:\/\/www.europesays.com\/se\/wp-json\/wp\/v2\/posts"}],"about":[{"href":"https:\/\/www.europesays.com\/se\/wp-json\/wp\/v2\/types\/post"}],"author":[{"embeddable":true,"href":"https:\/\/www.europesays.com\/se\/wp-json\/wp\/v2\/users\/2"}],"replies":[{"embeddable":true,"href":"https:\/\/www.europesays.com\/se\/wp-json\/wp\/v2\/comments?post=113450"}],"version-history":[{"count":0,"href":"https:\/\/www.europesays.com\/se\/wp-json\/wp\/v2\/posts\/113450\/revisions"}],"wp:featuredmedia":[{"embeddable":true,"href":"https:\/\/www.europesays.com\/se\/wp-json\/wp\/v2\/media\/793"}],"wp:attachment":[{"href":"https:\/\/www.europesays.com\/se\/wp-json\/wp\/v2\/media?parent=113450"}],"wp:term":[{"taxonomy":"category","embeddable":true,"href":"https:\/\/www.europesays.com\/se\/wp-json\/wp\/v2\/categories?post=113450"},{"taxonomy":"post_tag","embeddable":true,"href":"https:\/\/www.europesays.com\/se\/wp-json\/wp\/v2\/tags?post=113450"}],"curies":[{"name":"wp","href":"https:\/\/api.w.org\/{rel}","templated":true}]}}