{"id":113455,"date":"2025-12-22T05:47:08","date_gmt":"2025-12-22T05:47:08","guid":{"rendered":"https:\/\/www.europesays.com\/se\/113455\/"},"modified":"2025-12-22T05:47:08","modified_gmt":"2025-12-22T05:47:08","slug":"skjutvaldet-minskar-kraftigt-men-barnen-oroar","status":"publish","type":"post","link":"https:\/\/www.europesays.com\/se\/113455\/","title":{"rendered":"Skjutv\u00e5ldet minskar kraftigt \u2013 men barnen oroar"},"content":{"rendered":"<p>share-arrowDela<\/p>\n<p>unsaveSpara<\/p>\n<p>chevron-leftf\u00f6reg\u00e5endechevron-rightn\u00e4staAntal skjutningar samt skadade och d\u00f6da i skjutningar 2021\u20132025. Staplarna f\u00f6r 2025 g\u00e4ller f\u00f6r perioden januari till och med november.<\/p>\n<p>1 \/ 3Foto: Anders Humlebo\/TT<\/p>\n<p class=\"hyperion-css-1shl3oz\" data-test-tag=\"lead-text\">Skjutningarna minskar dramatiskt och f\u00f6r tredje \u00e5ret i rad. Antalet barn misst\u00e4nkta f\u00f6r inblandning i mordplaner n\u00e5r samtidigt nya rekordniv\u00e5er.<\/p>\n<p class=\"hyperion-css-1shl3oz\" data-test-tag=\"lead-text\">\u2013 Varenda 13-\u00e5ring g\u00e5r omkring med en dator i fickan och \u00e4r n\u00e5bar f\u00f6r tungt kriminella runtom i v\u00e4rlden, s\u00e4ger Sven Granath, doktor i kriminologi.<\/p>\n<p class=\"hyperion-css-1v9qo5x\">Polisen har registrerat 151 skjutningar i Sverige mellan januari och november i \u00e5r. Det \u00e4r n\u00e4stan en halvering fr\u00e5n hel\u00e5ret 2024 som hade 296 skjutningar, vilket i sig var en stor nedg\u00e5ng fr\u00e5n 2023 (368).<\/p>\n<p class=\"hyperion-css-1v9qo5x\">\u2013 Det \u00e4r tydligt att skjutningarna har minskat, framf\u00f6r allt i Stockholm, men \u00e4ven i andra regioner, s\u00e4ger Sven Granath, kriminolog vid Stockholmspolisen och g\u00e4stforskare vid Stockholms universitet.<\/p>\n<p class=\"hyperion-css-1v9qo5x\">Nedg\u00e5ngen beror troligen b\u00e5de p\u00e5 minskade konfliktniv\u00e5er i kriminella milj\u00f6er, samt st\u00e4rkt och riktat polisarbete. Det handlar bland annat om att fler utf\u00f6rare av grova v\u00e5ldsd\u00e5d grips och att man tar fler g\u00e4ngtoppar utomlands genom samarbete med andra l\u00e4nder.<\/p>\n<p class=\"hyperion-css-1v9qo5x\">\u2013 Man har ocks\u00e5 beslagtagit mer vapen de senaste \u00e5ren och det ger effekt, s\u00e4ger Granath.<\/p>\n<p>Fler bombd\u00e5d<\/p>\n<p class=\"hyperion-css-1v9qo5x\">D\u00e4remot har spr\u00e4ngningarna \u00f6kat kraftigt i \u00e5r. H\u00e4r r\u00f6r det sig dock i huvudsak om andra orsaker \u00e4n vid skjutv\u00e5ld.<\/p>\n<p class=\"hyperion-css-1v9qo5x\">\u2013 Det speglar att man fortfarande har kvar utpressningsmotiven. Det finns fortfarande skulder i den kriminella v\u00e4rlden. Man kan s\u00e4ga att de v\u00e4ldigt personliga konflikterna d\u00e4mpats, men skulder och utpressningar finns kvar.<\/p>\n<p class=\"hyperion-css-1v9qo5x\">Den riktigt oroande utvecklingen \u00e4r att antalet barn som involveras i grova v\u00e5ldsd\u00e5d forts\u00e4tter stiga. Under \u00e5rets elva f\u00f6rsta m\u00e5nader har 158 barn under 15 varit misst\u00e4nkta f\u00f6r mordplaner, mot 109 samma period i fjol och 36 under 2023.<\/p>\n<p class=\"hyperion-css-1v9qo5x\">\u2013 Det har ju att g\u00f6ra med att man numera n\u00e5r de unga v\u00e4ldigt l\u00e4tt via de h\u00e4r kommunikationskanalerna man har, s\u00e4ger Sven Granath.<\/p>\n<p class=\"hyperion-css-1v9qo5x\">\u2013 Jag tror egentligen inte att sj\u00e4lva riskgruppen har blivit s\u00e5 mycket st\u00f6rre. Men man n\u00e5r dem och man byter ut dem \u00e4nnu mer.<\/p>\n<p>Barn med riskfaktorer<\/p>\n<p class=\"hyperion-css-1v9qo5x\">I huvudsak r\u00f6r det sig om barn med m\u00e5nga riskfaktorer, fr\u00e5n resurssvaga hem och inte s\u00e4llan med NPF-diagnoser, s\u00e4ger han.<\/p>\n<p class=\"hyperion-css-1v9qo5x\">\u2013 D\u00e4r har vi ett problem med v\u00e5r digitalisering. Varenda 13-\u00e5ring g\u00e5r omkring med en dator i fickan och \u00e4r n\u00e5bar f\u00f6r tungt kriminella runtom i v\u00e4rlden.<\/p>\n<p class=\"hyperion-css-1v9qo5x\">\u2013 Det effektivaste skulle naturligtvis vara att inf\u00f6ra ett smartphonef\u00f6rbud f\u00f6r de under 15.<\/p>\n<p class=\"hyperion-css-1v9qo5x\">Att detta fenomen v\u00e4xt fram samtidigt som gigekonomin \u2013 d\u00e4r personer fr\u00e5n fattigare l\u00e4nder cyklar runt och levererar mat till d\u00f6rren \u2013 \u00e4r ingen slump, menar han.<\/p>\n<p class=\"hyperion-css-1v9qo5x\">\u2013 Det \u00e4r samma cyniska utnyttjande. Kommunikationstekniken g\u00f6r att man billigt f\u00e5r tillg\u00e5ng till personer utan s\u00e5 mycket resurser eller andra m\u00f6jligheter. Finns detta s\u00e5 kommer folk att utnyttja det.<\/p>\n<p>FAKTAF\u00e4rre skjutningar, fler spr\u00e4ngningar<\/p>\n<p class=\"hyperion-css-jonaf8\">2025 (januari-november): 151 skjutningar, 44 skadade, 43 d\u00f6dade (tio av de avlidna m\u00f6rdades p\u00e5 Campus Risbergska i \u00d6rebro)<\/p>\n<p class=\"hyperion-css-jonaf8\">2024: 296 skjutningar, 66 skadade, 44 d\u00f6dade<\/p>\n<p class=\"hyperion-css-jonaf8\">2023: 368 skjutningar, 108 skadade, 54 d\u00f6dade<\/p>\n<p class=\"hyperion-css-jonaf8\">2022: 391 skjutningar, 107 skadade, 62 d\u00f6dade<\/p>\n<p class=\"hyperion-css-jonaf8\">2021: 344 skjutningar, 114 skadade, 45 d\u00f6dade<\/p>\n<p class=\"hyperion-css-jonaf8\">Spr\u00e4ngningar:<\/p>\n<p class=\"hyperion-css-jonaf8\">2025 (januari-november): 181 detonationer, 55 f\u00f6rs\u00f6k, 206 f\u00f6rberedelser<\/p>\n<p class=\"hyperion-css-jonaf8\">2024: 136 detonationer, 62 f\u00f6rs\u00f6k, 126 f\u00f6rberedelser<\/p>\n<p class=\"hyperion-css-jonaf8\">2023: 159 detonationer, 63 f\u00f6rs\u00f6k, 139 f\u00f6rberedelser<\/p>\n<p class=\"hyperion-css-jonaf8\">2022: 90 detonationer, 33 f\u00f6rs\u00f6k, 68 f\u00f6rberedelser<\/p>\n<p class=\"hyperion-css-jonaf8\">2021: 79 detonationer, 10 f\u00f6rs\u00f6k, 69 f\u00f6rberedelser<\/p>\n<p class=\"hyperion-css-jonaf8\">K\u00e4lla: Polisen<\/p>\n<p>L\u00e4s mer<\/p>\n","protected":false},"excerpt":{"rendered":"share-arrowDela unsaveSpara chevron-leftf\u00f6reg\u00e5endechevron-rightn\u00e4staAntal skjutningar samt skadade och d\u00f6da i skjutningar 2021\u20132025. Staplarna f\u00f6r 2025 g\u00e4ller f\u00f6r perioden januari&hellip;\n","protected":false},"author":2,"featured_media":113456,"comment_status":"","ping_status":"","sticky":false,"template":"","format":"standard","meta":{"footnotes":""},"categories":[12],"tags":[22,23,26,27,17,21,24,25,28,29,15,16,18,34,31,33,32,30,19,20],"class_list":{"0":"post-113455","1":"post","2":"type-post","3":"status-publish","4":"format-standard","5":"has-post-thumbnail","7":"category-sverige","8":"tag-breaking-news","9":"tag-breakingnews","10":"tag-featured-news","11":"tag-featurednews","12":"tag-headlines","13":"tag-huvudnyheter","14":"tag-latest-news","15":"tag-latestnews","16":"tag-main-news","17":"tag-mainnews","18":"tag-news","19":"tag-nyheter","20":"tag-rubriker","21":"tag-se","22":"tag-svenska","23":"tag-sverige","24":"tag-sweden","25":"tag-swedish","26":"tag-top-stories","27":"tag-topstories"},"share_on_mastodon":{"url":"https:\/\/pubeurope.com\/@se\/115761646359695429","error":""},"_links":{"self":[{"href":"https:\/\/www.europesays.com\/se\/wp-json\/wp\/v2\/posts\/113455","targetHints":{"allow":["GET"]}}],"collection":[{"href":"https:\/\/www.europesays.com\/se\/wp-json\/wp\/v2\/posts"}],"about":[{"href":"https:\/\/www.europesays.com\/se\/wp-json\/wp\/v2\/types\/post"}],"author":[{"embeddable":true,"href":"https:\/\/www.europesays.com\/se\/wp-json\/wp\/v2\/users\/2"}],"replies":[{"embeddable":true,"href":"https:\/\/www.europesays.com\/se\/wp-json\/wp\/v2\/comments?post=113455"}],"version-history":[{"count":0,"href":"https:\/\/www.europesays.com\/se\/wp-json\/wp\/v2\/posts\/113455\/revisions"}],"wp:featuredmedia":[{"embeddable":true,"href":"https:\/\/www.europesays.com\/se\/wp-json\/wp\/v2\/media\/113456"}],"wp:attachment":[{"href":"https:\/\/www.europesays.com\/se\/wp-json\/wp\/v2\/media?parent=113455"}],"wp:term":[{"taxonomy":"category","embeddable":true,"href":"https:\/\/www.europesays.com\/se\/wp-json\/wp\/v2\/categories?post=113455"},{"taxonomy":"post_tag","embeddable":true,"href":"https:\/\/www.europesays.com\/se\/wp-json\/wp\/v2\/tags?post=113455"}],"curies":[{"name":"wp","href":"https:\/\/api.w.org\/{rel}","templated":true}]}}