{"id":113457,"date":"2025-12-22T05:48:06","date_gmt":"2025-12-22T05:48:06","guid":{"rendered":"https:\/\/www.europesays.com\/se\/113457\/"},"modified":"2025-12-22T05:48:06","modified_gmt":"2025-12-22T05:48:06","slug":"skjutningarna-minskar-barnen-misstankta-for-mordplaner-okar","status":"publish","type":"post","link":"https:\/\/www.europesays.com\/se\/113457\/","title":{"rendered":"Skjutningarna minskar \u2013 barnen misst\u00e4nkta f\u00f6r mordplaner \u00f6kar"},"content":{"rendered":"<p>Polisen har registrerat 151 skjutningar i Sverige mellan januari och november i \u00e5r. Det \u00e4r n\u00e4stan en halvering fr\u00e5n hel\u00e5ret 2024 som hade 296 skjutningar, vilket i sig var en stor nedg\u00e5ng fr\u00e5n 2023 (368).<\/p>\n<p>\u2013 Det \u00e4r tydligt att skjutningarna har minskat, framf\u00f6r allt i Stockholm, men \u00e4ven i andra regioner, s\u00e4ger Sven Granath, kriminolog vid Stockholmspolisen och g\u00e4stforskare vid Stockholms universitet.<\/p>\n","protected":false},"excerpt":{"rendered":"Polisen har registrerat 151 skjutningar i Sverige mellan januari och november i \u00e5r. Det \u00e4r n\u00e4stan en halvering&hellip;\n","protected":false},"author":2,"featured_media":113458,"comment_status":"","ping_status":"","sticky":false,"template":"","format":"standard","meta":{"footnotes":""},"categories":[5],"tags":[22,23,26,27,17,21,24,25,28,29,15,16,18,34,31,33,32,30,19,20],"class_list":{"0":"post-113457","1":"post","2":"type-post","3":"status-publish","4":"format-standard","5":"has-post-thumbnail","7":"category-rubriker","8":"tag-breaking-news","9":"tag-breakingnews","10":"tag-featured-news","11":"tag-featurednews","12":"tag-headlines","13":"tag-huvudnyheter","14":"tag-latest-news","15":"tag-latestnews","16":"tag-main-news","17":"tag-mainnews","18":"tag-news","19":"tag-nyheter","20":"tag-rubriker","21":"tag-se","22":"tag-svenska","23":"tag-sverige","24":"tag-sweden","25":"tag-swedish","26":"tag-top-stories","27":"tag-topstories"},"share_on_mastodon":{"url":"https:\/\/pubeurope.com\/@se\/115761650281453433","error":""},"_links":{"self":[{"href":"https:\/\/www.europesays.com\/se\/wp-json\/wp\/v2\/posts\/113457","targetHints":{"allow":["GET"]}}],"collection":[{"href":"https:\/\/www.europesays.com\/se\/wp-json\/wp\/v2\/posts"}],"about":[{"href":"https:\/\/www.europesays.com\/se\/wp-json\/wp\/v2\/types\/post"}],"author":[{"embeddable":true,"href":"https:\/\/www.europesays.com\/se\/wp-json\/wp\/v2\/users\/2"}],"replies":[{"embeddable":true,"href":"https:\/\/www.europesays.com\/se\/wp-json\/wp\/v2\/comments?post=113457"}],"version-history":[{"count":0,"href":"https:\/\/www.europesays.com\/se\/wp-json\/wp\/v2\/posts\/113457\/revisions"}],"wp:featuredmedia":[{"embeddable":true,"href":"https:\/\/www.europesays.com\/se\/wp-json\/wp\/v2\/media\/113458"}],"wp:attachment":[{"href":"https:\/\/www.europesays.com\/se\/wp-json\/wp\/v2\/media?parent=113457"}],"wp:term":[{"taxonomy":"category","embeddable":true,"href":"https:\/\/www.europesays.com\/se\/wp-json\/wp\/v2\/categories?post=113457"},{"taxonomy":"post_tag","embeddable":true,"href":"https:\/\/www.europesays.com\/se\/wp-json\/wp\/v2\/tags?post=113457"}],"curies":[{"name":"wp","href":"https:\/\/api.w.org\/{rel}","templated":true}]}}