{"id":113461,"date":"2025-12-22T05:54:07","date_gmt":"2025-12-22T05:54:07","guid":{"rendered":"https:\/\/www.europesays.com\/se\/113461\/"},"modified":"2025-12-22T05:54:07","modified_gmt":"2025-12-22T05:54:07","slug":"ny-bottennotering-i-fortroendet-for-mohamsson","status":"publish","type":"post","link":"https:\/\/www.europesays.com\/se\/113461\/","title":{"rendered":"Ny bottennotering i f\u00f6rtroendet f\u00f6r Mohamsson"},"content":{"rendered":"<p>Det \u00e4r fortsatta motg\u00e5ngar f\u00f6r Liberalernas partiledare Simona Mohamsson. Endast 6 procent av v\u00e4ljarna uppger h\u00f6gt f\u00f6rtroende f\u00f6r henne och 72 procent har l\u00e5gt f\u00f6rtroende, enligt Aftonbladet\/Demoskop.<\/p>\n<p>D\u00e4rmed \u00e4r hon den partiledare som klart flest har l\u00e5gt f\u00f6rtroende f\u00f6r. I juli hade 38 procent l\u00e5gt f\u00f6rtroende f\u00f6r Mohamsson.<\/p>\n<p>\u2013\u202fHon s\u00e4tter beklagliga rekord p\u00e5 flera s\u00e4tt, s\u00e4ger Johan Martinsson, opinionschef p\u00e5 Demoskop, till Aftonbladet.<\/p>\n<p>P\u00e5 andra plats kommer V\u00e4nsterpartiets Nooshi Dadgostar, som 64 procent uppger att de har l\u00e5gt f\u00f6rtroende f\u00f6r.<\/p>\n<p>I toppen av listan ligger fortfarande Magdalena Andersson (S), men Jimmie \u00c5kesson (SD) tycks knappa in, och f\u00e5r i december sin h\u00f6gsta notering i Demoskops m\u00e4tningar.<\/p>\n<p>45 procent uppger att de har h\u00f6gt f\u00f6rtroende f\u00f6r Andersson och 42 procent f\u00f6r \u00c5kesson \u2013 den minsta skillnaden sedan 2021.<\/p>\n<p>Andel v\u00e4ljare med h\u00f6gt f\u00f6rtroende <\/p>\n<p>F\u00f6rra m\u00e5nadens siffra inom parentes.<\/p>\n<p>Magdalena Andersson (S) 45 (45)<\/p>\n<p>Jimmie \u00c5kesson (SD) 42 (41)<\/p>\n<p>Ulf Kristersson (M) 38 (39)<\/p>\n<p>Ebba Busch (KD) 38 (36)<\/p>\n<p>Amanda Lind (MP) 24 (21)<\/p>\n<p>Nooshi Dadgostar (V) 18 (19) <\/p>\n<p>Daniel Helld\u00e9n (MP) 14 (13)<\/p>\n<p>Elisabeth Thand Ringqvist (C) 10<\/p>\n<p>Simona Mohamsson (L) 6 (6)<\/p>\n<p>Omni \u00e4r politiskt obundna och oberoende. Vi str\u00e4var efter att ge fler perspektiv p\u00e5 nyheterna. Har du fr\u00e5gor eller synpunkter kring v\u00e5r rapportering? <a href=\"https:\/\/omni.se\/ny-bottennotering-i-fortroendet-for-mohamsson\/a\/mailto:redaktion@omni.se\" class=\"ArticleActions_contactLink__W2F1M\" rel=\"nofollow noopener\" target=\"_blank\">Kontakta redaktionen<\/a><\/p>\n","protected":false},"excerpt":{"rendered":"Det \u00e4r fortsatta motg\u00e5ngar f\u00f6r Liberalernas partiledare Simona Mohamsson. Endast 6 procent av v\u00e4ljarna uppger h\u00f6gt f\u00f6rtroende f\u00f6r&hellip;\n","protected":false},"author":2,"featured_media":113462,"comment_status":"","ping_status":"","sticky":false,"template":"","format":"standard","meta":{"footnotes":""},"categories":[14],"tags":[12389,22,23,12388,26,27,17,21,1562,24,25,639,28,29,15,2895,16,1982,369,18,34,1980,1557,31,33,617,32,30,19,20,1406,51,52,53,54],"class_list":{"0":"post-113461","1":"post","2":"type-post","3":"status-publish","4":"format-standard","5":"has-post-thumbnail","7":"category-varlden","8":"tag-drafter","9":"tag-breaking-news","10":"tag-breakingnews","11":"tag-demoskop","12":"tag-featured-news","13":"tag-featurednews","14":"tag-headlines","15":"tag-huvudnyheter","16":"tag-jimmie-akesson","17":"tag-latest-news","18":"tag-latestnews","19":"tag-liberalerna","20":"tag-main-news","21":"tag-mainnews","22":"tag-news","23":"tag-nooshi-dadgostar","24":"tag-nyheter","25":"tag-opinionsundersokningar","26":"tag-politik","27":"tag-rubriker","28":"tag-se","29":"tag-simona-mohamsson","30":"tag-socialdemokraterna","31":"tag-svenska","32":"tag-sverige","33":"tag-sverigedemokraterna","34":"tag-sweden","35":"tag-swedish","36":"tag-top-stories","37":"tag-topstories","38":"tag-vansterpartiet","39":"tag-varlden","40":"tag-world","41":"tag-world-news","42":"tag-worldnews"},"share_on_mastodon":{"url":"https:\/\/pubeurope.com\/@se\/115761673889155013","error":""},"_links":{"self":[{"href":"https:\/\/www.europesays.com\/se\/wp-json\/wp\/v2\/posts\/113461","targetHints":{"allow":["GET"]}}],"collection":[{"href":"https:\/\/www.europesays.com\/se\/wp-json\/wp\/v2\/posts"}],"about":[{"href":"https:\/\/www.europesays.com\/se\/wp-json\/wp\/v2\/types\/post"}],"author":[{"embeddable":true,"href":"https:\/\/www.europesays.com\/se\/wp-json\/wp\/v2\/users\/2"}],"replies":[{"embeddable":true,"href":"https:\/\/www.europesays.com\/se\/wp-json\/wp\/v2\/comments?post=113461"}],"version-history":[{"count":0,"href":"https:\/\/www.europesays.com\/se\/wp-json\/wp\/v2\/posts\/113461\/revisions"}],"wp:featuredmedia":[{"embeddable":true,"href":"https:\/\/www.europesays.com\/se\/wp-json\/wp\/v2\/media\/113462"}],"wp:attachment":[{"href":"https:\/\/www.europesays.com\/se\/wp-json\/wp\/v2\/media?parent=113461"}],"wp:term":[{"taxonomy":"category","embeddable":true,"href":"https:\/\/www.europesays.com\/se\/wp-json\/wp\/v2\/categories?post=113461"},{"taxonomy":"post_tag","embeddable":true,"href":"https:\/\/www.europesays.com\/se\/wp-json\/wp\/v2\/tags?post=113461"}],"curies":[{"name":"wp","href":"https:\/\/api.w.org\/{rel}","templated":true}]}}