{"id":113463,"date":"2025-12-22T05:55:09","date_gmt":"2025-12-22T05:55:09","guid":{"rendered":"https:\/\/www.europesays.com\/se\/113463\/"},"modified":"2025-12-22T05:55:09","modified_gmt":"2025-12-22T05:55:09","slug":"fler-atalas-for-rekrytering-av-barn-till-brott","status":"publish","type":"post","link":"https:\/\/www.europesays.com\/se\/113463\/","title":{"rendered":"Fler \u00e5talas f\u00f6r rekrytering av barn till brott"},"content":{"rendered":"<p>share-arrowDela<\/p>\n<p>unsaveSpara<\/p>\n<p>expand-left<\/p>\n<p>helsk\u00e4rm<img decoding=\"async\" class=\"image-asset hyperion-css-u06ts1\" data-test-tag=\"image-asset\" src=\"https:\/\/www.europesays.com\/se\/wp-content\/uploads\/2025\/12\/a96bf0e3-00c5-44e5-90f2-7b978c2acd3f\"  alt=\"200 personer \u00e5talades f\u00f6rra \u00e5ret f\u00f6r att ha involverat personer under 18 i kriminalitet. Arkivbild.\"  loading=\"eager\" fetchpriority=\"high\" style=\"aspect-ratio:1900 \/ 1272\"\/>200 personer \u00e5talades f\u00f6rra \u00e5ret f\u00f6r att ha involverat personer under 18 i kriminalitet. Arkivbild. Foto: Johan Nilsson \/ TT<\/p>\n<p class=\"hyperion-css-1shl3oz\" data-test-tag=\"lead-text\">Allt fler \u00e5talats f\u00f6r att ha involverat barn och unga i kriminalitet.<\/p>\n<p class=\"hyperion-css-1v9qo5x\">Under 2025 fram till och med november \u00e5talades 200 personer f\u00f6r brottet, vilket \u00e4r en tydlig \u00f6kning j\u00e4mf\u00f6rt med f\u00f6rra \u00e5ret, rapporterar Sveriges Radios Ekot.<\/p>\n<p class=\"hyperion-css-1v9qo5x\">\u2013 Det sp\u00e4nner ganska vitt. Allt fr\u00e5n att man har involverats i ringa st\u00f6lder i matvarubutiker till att utf\u00f6ra grova v\u00e5ldsd\u00e5d som f\u00f6rberedelse till mord och spr\u00e4ngningar, s\u00e4ger Joakim Norenhag, verksamhetsutvecklare p\u00e5 NOA, till Ekot.<\/p>\n<p class=\"hyperion-css-1v9qo5x\">Enligt polisen beror \u00f6kningen dels p\u00e5 att allt fler unga rekryteras, dels p\u00e5 att myndigheterna har blivit b\u00e4ttre p\u00e5 att anv\u00e4nda lagen som inf\u00f6rdes 2023.<\/p>\n","protected":false},"excerpt":{"rendered":"share-arrowDela unsaveSpara expand-left helsk\u00e4rm200 personer \u00e5talades f\u00f6rra \u00e5ret f\u00f6r att ha involverat personer under 18 i kriminalitet. Arkivbild.&hellip;\n","protected":false},"author":2,"featured_media":113464,"comment_status":"","ping_status":"","sticky":false,"template":"","format":"standard","meta":{"footnotes":""},"categories":[12],"tags":[22,23,26,27,17,21,24,25,28,29,15,16,18,34,31,33,32,30,19,20],"class_list":{"0":"post-113463","1":"post","2":"type-post","3":"status-publish","4":"format-standard","5":"has-post-thumbnail","7":"category-sverige","8":"tag-breaking-news","9":"tag-breakingnews","10":"tag-featured-news","11":"tag-featurednews","12":"tag-headlines","13":"tag-huvudnyheter","14":"tag-latest-news","15":"tag-latestnews","16":"tag-main-news","17":"tag-mainnews","18":"tag-news","19":"tag-nyheter","20":"tag-rubriker","21":"tag-se","22":"tag-svenska","23":"tag-sverige","24":"tag-sweden","25":"tag-swedish","26":"tag-top-stories","27":"tag-topstories"},"share_on_mastodon":{"url":"https:\/\/pubeurope.com\/@se\/115761677967235192","error":""},"_links":{"self":[{"href":"https:\/\/www.europesays.com\/se\/wp-json\/wp\/v2\/posts\/113463","targetHints":{"allow":["GET"]}}],"collection":[{"href":"https:\/\/www.europesays.com\/se\/wp-json\/wp\/v2\/posts"}],"about":[{"href":"https:\/\/www.europesays.com\/se\/wp-json\/wp\/v2\/types\/post"}],"author":[{"embeddable":true,"href":"https:\/\/www.europesays.com\/se\/wp-json\/wp\/v2\/users\/2"}],"replies":[{"embeddable":true,"href":"https:\/\/www.europesays.com\/se\/wp-json\/wp\/v2\/comments?post=113463"}],"version-history":[{"count":0,"href":"https:\/\/www.europesays.com\/se\/wp-json\/wp\/v2\/posts\/113463\/revisions"}],"wp:featuredmedia":[{"embeddable":true,"href":"https:\/\/www.europesays.com\/se\/wp-json\/wp\/v2\/media\/113464"}],"wp:attachment":[{"href":"https:\/\/www.europesays.com\/se\/wp-json\/wp\/v2\/media?parent=113463"}],"wp:term":[{"taxonomy":"category","embeddable":true,"href":"https:\/\/www.europesays.com\/se\/wp-json\/wp\/v2\/categories?post=113463"},{"taxonomy":"post_tag","embeddable":true,"href":"https:\/\/www.europesays.com\/se\/wp-json\/wp\/v2\/tags?post=113463"}],"curies":[{"name":"wp","href":"https:\/\/api.w.org\/{rel}","templated":true}]}}