{"id":113467,"date":"2025-12-22T05:59:18","date_gmt":"2025-12-22T05:59:18","guid":{"rendered":"https:\/\/www.europesays.com\/se\/113467\/"},"modified":"2025-12-22T05:59:18","modified_gmt":"2025-12-22T05:59:18","slug":"ledare-jag-kommer-aldrig-forlata-bo-goran-bodin-for-det-har-ljusnan","status":"publish","type":"post","link":"https:\/\/www.europesays.com\/se\/113467\/","title":{"rendered":"LEDARE: Jag kommer aldrig f\u00f6rl\u00e5ta Bo-G\u00f6ran Bodin f\u00f6r det h\u00e4r &#8211; Ljusnan"},"content":{"rendered":"<ol>\n<li><a href=\"https:\/\/news.google.com\/rss\/articles\/CBMikAFBVV95cUxOd0NOeTBrcEhMd2JkZ3BHb2ZYcW5fdlhoYnNfS0EzRVR0RzJhajdZYXI5RnNyZjUtb0l4NVdMMjdydkNOQUtqT2JoanY3OElmT2JYU1BEVEtuVWJTM09YdkdTRXpqY1FHbmVWZDhiVHZlcDg0MTg4N1Y4aDk5cFN4MWhJQ3ZhYTBPenRZblBpbXE?oc=5\" target=\"_blank\" rel=\"nofollow noopener\">LEDARE: Jag kommer aldrig f\u00f6rl\u00e5ta Bo-G\u00f6ran Bodin f\u00f6r det h\u00e4r<\/a>&nbsp;&nbsp;Ljusnan<\/li>\n<li><a href=\"https:\/\/news.google.com\/rss\/articles\/CBMijwFBVV95cUxNR05DV2RuZXY1ZzBDSHZOZWtXNEs2YUw5MFI4Sm41NzFQYjYwNTBlSlo2SjU1dUlUQUdaS0lza1dnOEM0SFV1NlVXX0pEM2xwVWhOQjBZa2hpNk9TUG5OMTc2TFdwREl4YUpmRnctem0tOFlBQjRPLVNhNU1vdm52VTBxd0VPZ2ZXM0g0MzU2QQ?oc=5\" target=\"_blank\" rel=\"nofollow noopener\">Joakim Lundell-granskning i m\u00e5l \u2013 hur blev debatten? 20 december 2025 &#8211; Medierna<\/a>&nbsp;&nbsp;Sveriges Radio<\/li>\n<li><a href=\"https:\/\/news.google.com\/rss\/articles\/CBMioAFBVV95cUxPVUR5U2hrTEpOUHdrQ1NySnlJQXFhbXFKa1RQRGlZQ1FxSUhsR2hoX1VVOC1mMXIzSmRRazhtTU41THFvN25MVE40UDhNY2xYR3V6QjVNT19zczBtYUpCdGF4WWM2YktLX1o3TDl4QWpIQjBYLUVMaDFyTV8tOWhvdTA3cU9NZFJXcTM3SlUxd19HOGtMSnVGZXFEMzB3NnVE?oc=5\" target=\"_blank\" rel=\"nofollow noopener\">Linnea Lundstr\u00f6ms mamma talar ut efter Lundell-dokument\u00e4ren<\/a>&nbsp;&nbsp;SVT Nyheter<\/li>\n<li><a href=\"https:\/\/news.google.com\/rss\/articles\/CBMijgFBVV95cUxOVlAzbm1ZYXRUV3RZYVRVRXA0bWg1M0YySmZMbnptWllUalZqTXBqSjZtUnYxb1M0WkpSZC11NHduZXdvLXFWUlhoVktUUUc3M2ZvZjlxUkNlbDRXM1NMRnBLY3Ftb1NkdlAyQ1lVQVdFYXFiNFgtaS1EMWFoRFQyQVlrZjZ1Z19yX2JMQTRB?oc=5\" target=\"_blank\" rel=\"nofollow noopener\">Sofia Mirjamsdotter: Vem tar ansvar f\u00f6r ryktesspridningen?<\/a>&nbsp;&nbsp;V\u00e4sterbottens-Kuriren<\/li>\n<li><a href=\"https:\/\/news.google.com\/rss\/articles\/CBMikAFBVV95cUxQT3ZydmlYcmVxcHZmYzJpNGY5V0x5QzRBTkwyTHdDVkdSOThKQi1vdEh4UzlPd0hQZWZWbnRoZEVsVUdPdFBIRWltbFZ6T0dLOTJvNGRRT2laM0lZZXFyRFRXZ0l6QUNoTTBJTTZFZTZIVldkVTdoUDkzLXV1Ql9rZ1lrbjVwWC12Wm5Kc1VCaFE?oc=5\" target=\"_blank\" rel=\"nofollow noopener\">Bo-G\u00f6ran Bodin om Hatet \u2013 \u201dBesviken p\u00e5 den egna k\u00e5ren\u201d<\/a>&nbsp;&nbsp;Journalisten<\/li>\n<\/ol>\n","protected":false},"excerpt":{"rendered":"LEDARE: Jag kommer aldrig f\u00f6rl\u00e5ta Bo-G\u00f6ran Bodin f\u00f6r det h\u00e4r&nbsp;&nbsp;Ljusnan Joakim Lundell-granskning i m\u00e5l \u2013 hur blev debatten?&hellip;\n","protected":false},"author":2,"featured_media":113468,"comment_status":"","ping_status":"","sticky":false,"template":"","format":"standard","meta":{"footnotes":""},"categories":[67],"tags":[104,34,31,33,32,30,105],"class_list":{"0":"post-113467","1":"post","2":"type-post","3":"status-publish","4":"format-standard","5":"has-post-thumbnail","7":"category-underhallning","8":"tag-entertainment","9":"tag-se","10":"tag-svenska","11":"tag-sverige","12":"tag-sweden","13":"tag-swedish","14":"tag-underhallning"},"share_on_mastodon":{"url":"https:\/\/pubeurope.com\/@se\/115761693538176018","error":""},"_links":{"self":[{"href":"https:\/\/www.europesays.com\/se\/wp-json\/wp\/v2\/posts\/113467","targetHints":{"allow":["GET"]}}],"collection":[{"href":"https:\/\/www.europesays.com\/se\/wp-json\/wp\/v2\/posts"}],"about":[{"href":"https:\/\/www.europesays.com\/se\/wp-json\/wp\/v2\/types\/post"}],"author":[{"embeddable":true,"href":"https:\/\/www.europesays.com\/se\/wp-json\/wp\/v2\/users\/2"}],"replies":[{"embeddable":true,"href":"https:\/\/www.europesays.com\/se\/wp-json\/wp\/v2\/comments?post=113467"}],"version-history":[{"count":0,"href":"https:\/\/www.europesays.com\/se\/wp-json\/wp\/v2\/posts\/113467\/revisions"}],"wp:featuredmedia":[{"embeddable":true,"href":"https:\/\/www.europesays.com\/se\/wp-json\/wp\/v2\/media\/113468"}],"wp:attachment":[{"href":"https:\/\/www.europesays.com\/se\/wp-json\/wp\/v2\/media?parent=113467"}],"wp:term":[{"taxonomy":"category","embeddable":true,"href":"https:\/\/www.europesays.com\/se\/wp-json\/wp\/v2\/categories?post=113467"},{"taxonomy":"post_tag","embeddable":true,"href":"https:\/\/www.europesays.com\/se\/wp-json\/wp\/v2\/tags?post=113467"}],"curies":[{"name":"wp","href":"https:\/\/api.w.org\/{rel}","templated":true}]}}