{"id":113469,"date":"2025-12-22T06:01:16","date_gmt":"2025-12-22T06:01:16","guid":{"rendered":"https:\/\/www.europesays.com\/se\/113469\/"},"modified":"2025-12-22T06:01:16","modified_gmt":"2025-12-22T06:01:16","slug":"horlurar-barn-bast-i-test","status":"publish","type":"post","link":"https:\/\/www.europesays.com\/se\/113469\/","title":{"rendered":"H\u00f6rlurar barn \u2013 b\u00e4st i test"},"content":{"rendered":"<p>expand-left<\/p>\n<p>helsk\u00e4rm<img decoding=\"async\" class=\"image-asset hyperion-css-10b9s2\" data-test-tag=\"image-asset\" src=\"https:\/\/www.europesays.com\/se\/wp-content\/uploads\/2025\/12\/bb0a273b-8483-46e9-911f-bdf685d5ce36\"  alt=\"\"  loading=\"eager\" fetchpriority=\"high\" style=\"aspect-ratio:1246 \/ 652\"\/><\/p>\n<p class=\"hyperion-css-1shl3oz\" data-test-tag=\"lead-text\">De ska inte bara vara sk\u00f6na, det finns fler saker att t\u00e4nka p\u00e5 om du ska k\u00f6pa nya h\u00f6rlurar till ett barn. Volymgr\u00e4nser, resel\u00e4gen och passform skiljer sig mer \u00e5t \u00e4n man kan tro. Vi har testat 7 olika. <\/p>\n<p class=\"hyperion-css-1v9qo5x\">check <strong>B\u00e4st i test<\/strong><strong> <\/strong>\u2013 kostar bara ett par hundralappar<br \/>check \u201dL\u00e5ter v\u00e4ldigt bra\u201d<br \/>check \u201dK\u00e4nns gjorda f\u00f6r att \u00f6verleva en skolryggs\u00e4ck utan att g\u00e5 s\u00f6nder\u201d<\/p>\n","protected":false},"excerpt":{"rendered":"expand-left helsk\u00e4rm De ska inte bara vara sk\u00f6na, det finns fler saker att t\u00e4nka p\u00e5 om du ska&hellip;\n","protected":false},"author":2,"featured_media":113470,"comment_status":"","ping_status":"","sticky":false,"template":"","format":"standard","meta":{"footnotes":""},"categories":[65],"tags":[72,70,71,34,31,33,32,30],"class_list":{"0":"post-113469","1":"post","2":"type-post","3":"status-publish","4":"format-standard","5":"has-post-thumbnail","7":"category-ekonomi","8":"tag-business","9":"tag-economy","10":"tag-ekonomi","11":"tag-se","12":"tag-svenska","13":"tag-sverige","14":"tag-sweden","15":"tag-swedish"},"share_on_mastodon":{"url":"https:\/\/pubeurope.com\/@se\/115761701543717919","error":""},"_links":{"self":[{"href":"https:\/\/www.europesays.com\/se\/wp-json\/wp\/v2\/posts\/113469","targetHints":{"allow":["GET"]}}],"collection":[{"href":"https:\/\/www.europesays.com\/se\/wp-json\/wp\/v2\/posts"}],"about":[{"href":"https:\/\/www.europesays.com\/se\/wp-json\/wp\/v2\/types\/post"}],"author":[{"embeddable":true,"href":"https:\/\/www.europesays.com\/se\/wp-json\/wp\/v2\/users\/2"}],"replies":[{"embeddable":true,"href":"https:\/\/www.europesays.com\/se\/wp-json\/wp\/v2\/comments?post=113469"}],"version-history":[{"count":0,"href":"https:\/\/www.europesays.com\/se\/wp-json\/wp\/v2\/posts\/113469\/revisions"}],"wp:featuredmedia":[{"embeddable":true,"href":"https:\/\/www.europesays.com\/se\/wp-json\/wp\/v2\/media\/113470"}],"wp:attachment":[{"href":"https:\/\/www.europesays.com\/se\/wp-json\/wp\/v2\/media?parent=113469"}],"wp:term":[{"taxonomy":"category","embeddable":true,"href":"https:\/\/www.europesays.com\/se\/wp-json\/wp\/v2\/categories?post=113469"},{"taxonomy":"post_tag","embeddable":true,"href":"https:\/\/www.europesays.com\/se\/wp-json\/wp\/v2\/tags?post=113469"}],"curies":[{"name":"wp","href":"https:\/\/api.w.org\/{rel}","templated":true}]}}