{"id":113471,"date":"2025-12-22T06:03:16","date_gmt":"2025-12-22T06:03:16","guid":{"rendered":"https:\/\/www.europesays.com\/se\/113471\/"},"modified":"2025-12-22T06:03:16","modified_gmt":"2025-12-22T06:03:16","slug":"risk-for-halka-i-uppsala-lan-pa-mandag","status":"publish","type":"post","link":"https:\/\/www.europesays.com\/se\/113471\/","title":{"rendered":"Risk f\u00f6r halka i Uppsala l\u00e4n p\u00e5 m\u00e5ndag"},"content":{"rendered":"<p>P\u00e5 s\u00f6ndagen intr\u00e4ffade flera trafikolyckor i Uppsala l\u00e4n. V\u00e4glaget var vid flera tillf\u00e4llen boven i dramat, och polisen gick ut med en varning f\u00f6r blixthalka.P\u00e5 m\u00e5ndagen finns fog att vara fortsatt f\u00f6rsiktig.\u2013 V\u00e4derm\u00e4ssigt \u00e4r det ungef\u00e4r samma l\u00e4ge. Det \u00e4r klart och minusgrader utan s\u00e4rskilt mycket vind, s\u00e5 jag t\u00e4nker att det nog kan vara frostigt, s\u00e4ger SMHI:s meteor<\/p>\n","protected":false},"excerpt":{"rendered":"P\u00e5 s\u00f6ndagen intr\u00e4ffade flera trafikolyckor i Uppsala l\u00e4n. V\u00e4glaget var vid flera tillf\u00e4llen boven i dramat, och polisen&hellip;\n","protected":false},"author":2,"featured_media":1027,"comment_status":"","ping_status":"","sticky":false,"template":"","format":"standard","meta":{"footnotes":""},"categories":[12],"tags":[22,23,26,27,17,21,24,25,28,29,15,16,18,34,31,33,32,30,19,20],"class_list":{"0":"post-113471","1":"post","2":"type-post","3":"status-publish","4":"format-standard","5":"has-post-thumbnail","7":"category-sverige","8":"tag-breaking-news","9":"tag-breakingnews","10":"tag-featured-news","11":"tag-featurednews","12":"tag-headlines","13":"tag-huvudnyheter","14":"tag-latest-news","15":"tag-latestnews","16":"tag-main-news","17":"tag-mainnews","18":"tag-news","19":"tag-nyheter","20":"tag-rubriker","21":"tag-se","22":"tag-svenska","23":"tag-sverige","24":"tag-sweden","25":"tag-swedish","26":"tag-top-stories","27":"tag-topstories"},"share_on_mastodon":{"url":"https:\/\/pubeurope.com\/@se\/115761709304524028","error":""},"_links":{"self":[{"href":"https:\/\/www.europesays.com\/se\/wp-json\/wp\/v2\/posts\/113471","targetHints":{"allow":["GET"]}}],"collection":[{"href":"https:\/\/www.europesays.com\/se\/wp-json\/wp\/v2\/posts"}],"about":[{"href":"https:\/\/www.europesays.com\/se\/wp-json\/wp\/v2\/types\/post"}],"author":[{"embeddable":true,"href":"https:\/\/www.europesays.com\/se\/wp-json\/wp\/v2\/users\/2"}],"replies":[{"embeddable":true,"href":"https:\/\/www.europesays.com\/se\/wp-json\/wp\/v2\/comments?post=113471"}],"version-history":[{"count":0,"href":"https:\/\/www.europesays.com\/se\/wp-json\/wp\/v2\/posts\/113471\/revisions"}],"wp:featuredmedia":[{"embeddable":true,"href":"https:\/\/www.europesays.com\/se\/wp-json\/wp\/v2\/media\/1027"}],"wp:attachment":[{"href":"https:\/\/www.europesays.com\/se\/wp-json\/wp\/v2\/media?parent=113471"}],"wp:term":[{"taxonomy":"category","embeddable":true,"href":"https:\/\/www.europesays.com\/se\/wp-json\/wp\/v2\/categories?post=113471"},{"taxonomy":"post_tag","embeddable":true,"href":"https:\/\/www.europesays.com\/se\/wp-json\/wp\/v2\/tags?post=113471"}],"curies":[{"name":"wp","href":"https:\/\/api.w.org\/{rel}","templated":true}]}}