{"id":113472,"date":"2025-12-22T06:09:13","date_gmt":"2025-12-22T06:09:13","guid":{"rendered":"https:\/\/www.europesays.com\/se\/113472\/"},"modified":"2025-12-22T06:09:13","modified_gmt":"2025-12-22T06:09:13","slug":"opec-drar-med-sig-europa-i-oljerally-mot-botten","status":"publish","type":"post","link":"https:\/\/www.europesays.com\/se\/113472\/","title":{"rendered":"Opec drar med sig Europa i oljerally \u2013 mot botten"},"content":{"rendered":"<p>Samma Opec som chockh\u00f6jde oljepriset p\u00e5 1970-talet jagar oss igen. D\u00e5 h\u00f6ll de inne p\u00e5 olja och tvingade upp priset fr\u00e5n 10 till 110 dollar per fat. Nu g\u00f6r de tv\u00e4rt om. Som oljekrisens barn f\u00e5r jag allvarliga k\u00e4nningar.<\/p>\n<p>Det senaste \u00e5ret spegelv\u00e4nder de taktiken och har h\u00f6jt produktionen nio g\u00e5nger \u2013 mitt i l\u00e5gkonjunkturen. V\u00e4rlden kommer 2025 f\u00f6r f\u00f6rsta g\u00e5ngen att passera de magiska 100 miljoner fat olja per dygn. Inte f\u00f6r inte har priset halverats de senaste tre \u00e5ren. En ny, mer offensiv oljeera har inletts. Vi kan \u00e5terigen bli oljans offer.<\/p>\n","protected":false},"excerpt":{"rendered":"Samma Opec som chockh\u00f6jde oljepriset p\u00e5 1970-talet jagar oss igen. D\u00e5 h\u00f6ll de inne p\u00e5 olja och tvingade&hellip;\n","protected":false},"author":2,"featured_media":113473,"comment_status":"","ping_status":"","sticky":false,"template":"","format":"standard","meta":{"footnotes":""},"categories":[65],"tags":[72,70,71,34,31,33,32,30],"class_list":{"0":"post-113472","1":"post","2":"type-post","3":"status-publish","4":"format-standard","5":"has-post-thumbnail","7":"category-ekonomi","8":"tag-business","9":"tag-economy","10":"tag-ekonomi","11":"tag-se","12":"tag-svenska","13":"tag-sverige","14":"tag-sweden","15":"tag-swedish"},"share_on_mastodon":{"url":"https:\/\/pubeurope.com\/@se\/115761732866909395","error":""},"_links":{"self":[{"href":"https:\/\/www.europesays.com\/se\/wp-json\/wp\/v2\/posts\/113472","targetHints":{"allow":["GET"]}}],"collection":[{"href":"https:\/\/www.europesays.com\/se\/wp-json\/wp\/v2\/posts"}],"about":[{"href":"https:\/\/www.europesays.com\/se\/wp-json\/wp\/v2\/types\/post"}],"author":[{"embeddable":true,"href":"https:\/\/www.europesays.com\/se\/wp-json\/wp\/v2\/users\/2"}],"replies":[{"embeddable":true,"href":"https:\/\/www.europesays.com\/se\/wp-json\/wp\/v2\/comments?post=113472"}],"version-history":[{"count":0,"href":"https:\/\/www.europesays.com\/se\/wp-json\/wp\/v2\/posts\/113472\/revisions"}],"wp:featuredmedia":[{"embeddable":true,"href":"https:\/\/www.europesays.com\/se\/wp-json\/wp\/v2\/media\/113473"}],"wp:attachment":[{"href":"https:\/\/www.europesays.com\/se\/wp-json\/wp\/v2\/media?parent=113472"}],"wp:term":[{"taxonomy":"category","embeddable":true,"href":"https:\/\/www.europesays.com\/se\/wp-json\/wp\/v2\/categories?post=113472"},{"taxonomy":"post_tag","embeddable":true,"href":"https:\/\/www.europesays.com\/se\/wp-json\/wp\/v2\/tags?post=113472"}],"curies":[{"name":"wp","href":"https:\/\/api.w.org\/{rel}","templated":true}]}}