{"id":113474,"date":"2025-12-22T06:11:13","date_gmt":"2025-12-22T06:11:13","guid":{"rendered":"https:\/\/www.europesays.com\/se\/113474\/"},"modified":"2025-12-22T06:11:13","modified_gmt":"2025-12-22T06:11:13","slug":"manga-i-ekonomisk-kris-infor-jul-sa-stottar-kyrkan-i-angelholm-hd","status":"publish","type":"post","link":"https:\/\/www.europesays.com\/se\/113474\/","title":{"rendered":"M\u00e5nga i ekonomisk kris inf\u00f6r jul \u2013 s\u00e5 st\u00f6ttar kyrkan i \u00c4ngelholm &#8211; HD"},"content":{"rendered":"<ol>\n<li><a href=\"https:\/\/news.google.com\/rss\/articles\/CBMilgFBVV95cUxOdmFHcnhhdlgzUVV1eG5wVHEyS1czcjI2bndaUmxidFlJck03WWxMTkpVWVllSFFRc2RNb2pYRi1DeWJOZlM1MmRHOFRQbjJORXluTTBJN2RZUTNUUGZhcGRocWtEVFhUX2c2TXNtRVZLaEE5TTlaQld6MTVTN3U4TjF2S1VMc1pGMWo4MDQ4V2Vzd2lWYkE?oc=5\" target=\"_blank\" rel=\"nofollow noopener\">M\u00e5nga i ekonomisk kris inf\u00f6r jul \u2013 s\u00e5 st\u00f6ttar kyrkan i \u00c4ngelholm<\/a>&nbsp;&nbsp;HD<\/li>\n<li><a href=\"https:\/\/news.google.com\/rss\/articles\/CBMioAFBVV95cUxQV2g4LWNOVkVkNWlrUEVRN3pueG5GZTNBSnowWEdyN0V4Si0ySHp1V1NVV1NoWXVoSTlEY3Qwd09SUzJHSVZkcllxUmdnNTdZM3VVX3NvNTZtcDFjVXpTamdTcjB0NEFFYko2UTlCX3E2a2tGcFZBTndYNktBRWdPeFM3N1d3ZDZsX2hzQ0RsNi00aWNWNEs2R283d2kwamZR?oc=5\" target=\"_blank\" rel=\"nofollow noopener\">M\u00e5nga i behov av hj\u00e4lp n\u00e4r kyrkan delar ut julmatkassar<\/a>&nbsp;&nbsp;SVT Nyheter<\/li>\n<li><a href=\"https:\/\/news.google.com\/rss\/articles\/CBMilAFBVV95cUxPQWRTN1I1VUJac002UjlCY1c4QWpxNTUyc2lvbGFOU1c0aF9GLTh2QnZsSzJrYlAzcFlINDN0UW1sRXBYb3BFWjZiMjRYdlBSM2V6WFB3N2dobG9zY000Q240a3JidTBtVzJKS2lNMHl4allOTDFiYTczcGFCMzJlX3o1UFA0VFBWQ0JodXE5M0cydHUy?oc=5\" target=\"_blank\" rel=\"nofollow noopener\">Diakonernas larm: Fler s\u00f6ker hj\u00e4lp f\u00f6r mat och medicin<\/a>&nbsp;&nbsp;Sveriges Radio<\/li>\n<li><a href=\"https:\/\/news.google.com\/rss\/articles\/CBMibkFVX3lxTE0tc1JPTEpNS2I3RXMyYjdjVWtySU02S0xFZHBhM0gyd3hXckZHRU5HYVpyWmJ3dVFEODg4NjVjekdaOUZLMjZsVnpKcDM0STFTNFoxamJYYlc4VmpyZjdia0pHazM4WXpHUGRqYlF3?oc=5\" target=\"_blank\" rel=\"nofollow noopener\">Larmet: Hj\u00e4lpbehovet \u00e4r stort<\/a>&nbsp;&nbsp;Skillingaryd<\/li>\n<li><a href=\"https:\/\/news.google.com\/rss\/articles\/CBMidkFVX3lxTFBwUzl4Z2NsZXgyY3c3em9KTi1JNG84M1NRRFpxYTl4NmRGanlyVjJCOVRUeFlZcjlENldhZmNrZVdaWFJvd3MzeENEc0Qyajl3RWRqZzczOVdSZjJuZFZISDRBU1pPS3pyLWFhZ2lBT0tPY2x1UUE?oc=5\" target=\"_blank\" rel=\"nofollow noopener\">H\u00e4r sk\u00e4nker kunder mat till barnfamiljer<\/a>&nbsp;&nbsp;\u00d6stersunds-Posten<\/li>\n<\/ol>\n","protected":false},"excerpt":{"rendered":"M\u00e5nga i ekonomisk kris inf\u00f6r jul \u2013 s\u00e5 st\u00f6ttar kyrkan i \u00c4ngelholm&nbsp;&nbsp;HD M\u00e5nga i behov av hj\u00e4lp n\u00e4r&hellip;\n","protected":false},"author":2,"featured_media":113475,"comment_status":"","ping_status":"","sticky":false,"template":"","format":"standard","meta":{"footnotes":""},"categories":[12],"tags":[22,23,26,27,17,21,24,25,28,29,15,16,18,34,31,33,32,30,19,20],"class_list":{"0":"post-113474","1":"post","2":"type-post","3":"status-publish","4":"format-standard","5":"has-post-thumbnail","7":"category-sverige","8":"tag-breaking-news","9":"tag-breakingnews","10":"tag-featured-news","11":"tag-featurednews","12":"tag-headlines","13":"tag-huvudnyheter","14":"tag-latest-news","15":"tag-latestnews","16":"tag-main-news","17":"tag-mainnews","18":"tag-news","19":"tag-nyheter","20":"tag-rubriker","21":"tag-se","22":"tag-svenska","23":"tag-sverige","24":"tag-sweden","25":"tag-swedish","26":"tag-top-stories","27":"tag-topstories"},"share_on_mastodon":{"url":"https:\/\/pubeurope.com\/@se\/115761740706411269","error":""},"_links":{"self":[{"href":"https:\/\/www.europesays.com\/se\/wp-json\/wp\/v2\/posts\/113474","targetHints":{"allow":["GET"]}}],"collection":[{"href":"https:\/\/www.europesays.com\/se\/wp-json\/wp\/v2\/posts"}],"about":[{"href":"https:\/\/www.europesays.com\/se\/wp-json\/wp\/v2\/types\/post"}],"author":[{"embeddable":true,"href":"https:\/\/www.europesays.com\/se\/wp-json\/wp\/v2\/users\/2"}],"replies":[{"embeddable":true,"href":"https:\/\/www.europesays.com\/se\/wp-json\/wp\/v2\/comments?post=113474"}],"version-history":[{"count":0,"href":"https:\/\/www.europesays.com\/se\/wp-json\/wp\/v2\/posts\/113474\/revisions"}],"wp:featuredmedia":[{"embeddable":true,"href":"https:\/\/www.europesays.com\/se\/wp-json\/wp\/v2\/media\/113475"}],"wp:attachment":[{"href":"https:\/\/www.europesays.com\/se\/wp-json\/wp\/v2\/media?parent=113474"}],"wp:term":[{"taxonomy":"category","embeddable":true,"href":"https:\/\/www.europesays.com\/se\/wp-json\/wp\/v2\/categories?post=113474"},{"taxonomy":"post_tag","embeddable":true,"href":"https:\/\/www.europesays.com\/se\/wp-json\/wp\/v2\/tags?post=113474"}],"curies":[{"name":"wp","href":"https:\/\/api.w.org\/{rel}","templated":true}]}}