{"id":113476,"date":"2025-12-22T06:12:09","date_gmt":"2025-12-22T06:12:09","guid":{"rendered":"https:\/\/www.europesays.com\/se\/113476\/"},"modified":"2025-12-22T06:12:09","modified_gmt":"2025-12-22T06:12:09","slug":"en-jul-utan-tagstrul-jarnvagar-nu","status":"publish","type":"post","link":"https:\/\/www.europesays.com\/se\/113476\/","title":{"rendered":"\u201dEn jul utan t\u00e5gstrul\u201d \u2013 J\u00e4rnv\u00e4gar.nu"},"content":{"rendered":"<p style=\"font-weight: 400;\">\u201dJag kan lova att vi kommer g\u00f6ra allt vi kan f\u00f6r att resorna till jul h\u00e4r kommer g\u00e5 bra\u201d, sade Roberto Maiorana under fredagens presstr\u00e4ff.<\/p>\n<p style=\"font-weight: 400;\">\u201dTillsammans med t\u00e5goperat\u00f6rerna och andra akt\u00f6rer arbetar vi f\u00f6r att hela resekedjan ska fungera fr\u00e5n planering och trafikledning till stationer och kundservice.\u201d<\/p>\n<p style=\"font-weight: 400;\">\u201dP\u00e5 Trafikverket \u00e4r vi v\u00e4l f\u00f6rberedda f\u00f6r att m\u00f6ta jultrafik och vinterv\u00e4der. Vi har f\u00f6rst\u00e4rkt beredskapen och de flesta p\u00e5g\u00e5ende banarbeten har pausats f\u00f6r att fokusera p\u00e5 jultrafiken.\u201d<\/p>\n<p>Enighet ger styrka<\/p>\n<p style=\"font-weight: 400;\">Erik Wennerholm, tillf\u00f6rordnad vd i VR Snabbt\u00e5g, s\u00e4ger till J\u00e4rnv\u00e4gar.nu att det \u00e4r ett styrkebesked att j\u00e4rnv\u00e4gsbranschen visar enighet.<\/p>\n<p style=\"font-weight: 400;\">\u201dDet \u00e4r bra att vi kan st\u00e5 d\u00e4r tillsammans och ber\u00e4tta hur vi f\u00f6rberett oss f\u00f6r jultrafiken\u201d, s\u00e4ger han.<\/p>\n<p style=\"font-weight: 400;\">\u201dJ\u00e4rnv\u00e4gen \u00e4r ett komplext system och det \u00e4r m\u00e5nga som m\u00e5ste samarbeta f\u00f6r att allt ska fungera och v\u00e5ra resen\u00e4rer ska fram i tid.\u201d<\/p>\n<p>Under julhelgerna de senaste fem \u00e5ren, 2020\u20132024, har VR Snabbt\u00e5g och d\u00e5varande MTR Express haft en regularitet p\u00e5 99,3 procent och en punktlighet p\u00e5 79 procent.<\/p>\n","protected":false},"excerpt":{"rendered":"\u201dJag kan lova att vi kommer g\u00f6ra allt vi kan f\u00f6r att resorna till jul h\u00e4r kommer g\u00e5&hellip;\n","protected":false},"author":2,"featured_media":113477,"comment_status":"","ping_status":"","sticky":false,"template":"","format":"standard","meta":{"footnotes":""},"categories":[5],"tags":[22,23,26,27,17,21,24,25,28,29,15,16,18,34,31,33,32,30,19,20,4800],"class_list":{"0":"post-113476","1":"post","2":"type-post","3":"status-publish","4":"format-standard","5":"has-post-thumbnail","7":"category-rubriker","8":"tag-breaking-news","9":"tag-breakingnews","10":"tag-featured-news","11":"tag-featurednews","12":"tag-headlines","13":"tag-huvudnyheter","14":"tag-latest-news","15":"tag-latestnews","16":"tag-main-news","17":"tag-mainnews","18":"tag-news","19":"tag-nyheter","20":"tag-rubriker","21":"tag-se","22":"tag-svenska","23":"tag-sverige","24":"tag-sweden","25":"tag-swedish","26":"tag-top-stories","27":"tag-topstories","28":"tag-trafikpolitik"},"share_on_mastodon":{"url":"https:\/\/pubeurope.com\/@se\/115761744644319680","error":""},"_links":{"self":[{"href":"https:\/\/www.europesays.com\/se\/wp-json\/wp\/v2\/posts\/113476","targetHints":{"allow":["GET"]}}],"collection":[{"href":"https:\/\/www.europesays.com\/se\/wp-json\/wp\/v2\/posts"}],"about":[{"href":"https:\/\/www.europesays.com\/se\/wp-json\/wp\/v2\/types\/post"}],"author":[{"embeddable":true,"href":"https:\/\/www.europesays.com\/se\/wp-json\/wp\/v2\/users\/2"}],"replies":[{"embeddable":true,"href":"https:\/\/www.europesays.com\/se\/wp-json\/wp\/v2\/comments?post=113476"}],"version-history":[{"count":0,"href":"https:\/\/www.europesays.com\/se\/wp-json\/wp\/v2\/posts\/113476\/revisions"}],"wp:featuredmedia":[{"embeddable":true,"href":"https:\/\/www.europesays.com\/se\/wp-json\/wp\/v2\/media\/113477"}],"wp:attachment":[{"href":"https:\/\/www.europesays.com\/se\/wp-json\/wp\/v2\/media?parent=113476"}],"wp:term":[{"taxonomy":"category","embeddable":true,"href":"https:\/\/www.europesays.com\/se\/wp-json\/wp\/v2\/categories?post=113476"},{"taxonomy":"post_tag","embeddable":true,"href":"https:\/\/www.europesays.com\/se\/wp-json\/wp\/v2\/tags?post=113476"}],"curies":[{"name":"wp","href":"https:\/\/api.w.org\/{rel}","templated":true}]}}