{"id":113478,"date":"2025-12-22T06:15:18","date_gmt":"2025-12-22T06:15:18","guid":{"rendered":"https:\/\/www.europesays.com\/se\/113478\/"},"modified":"2025-12-22T06:15:18","modified_gmt":"2025-12-22T06:15:18","slug":"ikvall-visas-den-mest-overskattade-harry-potter-filmen-pa-tv","status":"publish","type":"post","link":"https:\/\/www.europesays.com\/se\/113478\/","title":{"rendered":"Ikv\u00e4ll visas den mest \u00f6verskattade &#8221;Harry Potter&#8221;-filmen p\u00e5 tv"},"content":{"rendered":"<p>\u201d<a href=\"https:\/\/www.moviezine.se\/movies\/harry-potter-och-fangen-fran-azkaban\" rel=\"nofollow noopener\" target=\"_blank\">Harry Potter och f\u00e5ngen fr\u00e5n Azkaban<\/a>\u201d \u00e4r en fantastisk bok, men filmatiseringen \u00e4r en blek imitation. Jag l\u00e4r vara helt ensam om den h\u00e4r \u00e5sikten, men den tredje \u201dHarry Potter\u201d-filmen \u00e4r en av seriens svagare filmer, om inte den svagaste.<\/p>\n<p>Det visuella n\u00e4mns ofta som en av filmens styrkor, och m\u00e5nga kallar den f\u00f6r snyggaste \u201dPotter\u201d-filmen. Men varken fotot eller specialeffekterna \u00e4r bland seriens b\u00e4sta \u2013 inte ens i topp 3 \u2013 eller 5. Filmen \u00e4r v\u00e4lgjord men absolut inte det visuella m\u00e4sterverk m\u00e5nga vill f\u00e5 den att framst\u00e5 som.<\/p>\n<p>L\u00e4s ocks\u00e5: <a href=\"https:\/\/www.moviezine.se\/nyheter\/sci-fi-rysaren-fran-1997-var-for-brutal-och-klipptes-ner-30-minuter-nu-pa-netflix\" title=\"Sci-fi-rysaren fr\u00e5n 1997 var f\u00f6r brutal och klipptes ner 30 minuter \u2013 nu p\u00e5 Netflix\" class=\"underline-custom !font-montserrat !font-bold !underline-offset-4 !decoration-4 !decoration-moviezine-green !text-md\" rel=\"nofollow noopener\" target=\"_blank\">Sci-fi-rysaren fr\u00e5n 1997 var f\u00f6r brutal och klipptes ner 30 minuter \u2013 nu p\u00e5 Netflix<\/a><\/p>\n<p><img loading=\"lazy\" height=\"462\" width=\"648\" class=\"wp-image-709147 sp-no-webp perfmatters-lazy\" alt=\"\" decoding=\"async\" src=\"https:\/\/www.europesays.com\/se\/wp-content\/uploads\/2025\/12\/Snape-648x462.jpg\"  data-\/> En av seriens absolut fulaste scener <\/p>\n<p>Dessutom k\u00e4nns ber\u00e4ttelsen s\u00f6nderstressad och den avslutande akten \u00e4r orimligt monoton trots sitt dramatiska inneh\u00e5ll. Filmen hade m\u00e5tt s\u00e5 mycket b\u00e4ttre av l\u00e4ngre speltid och mer k\u00f6tt p\u00e5 benen. L\u00e4gg ocks\u00e5 till att <strong>Michael Gambon<\/strong> introducerar sin tolkning av Dumbledore \u2013 en klar nedgradering fr\u00e5n <strong>Richard Harris<\/strong>. <\/p>\n<p>L\u00e4s ocks\u00e5: <a href=\"https:\/\/www.moviezine.se\/nyheter\/pixars-samsta-film-fyller-10-ar-vad-hande-egentligen\" title=\"Pixars s\u00e4msta film fyller 10 \u00e5r \u2013 vad h\u00e4nde egentligen?\" class=\"underline-custom !font-montserrat !font-bold !underline-offset-4 !decoration-4 !decoration-moviezine-green !text-md\" rel=\"nofollow noopener\" target=\"_blank\">Pixars s\u00e4msta film fyller 10 \u00e5r \u2013 vad h\u00e4nde egentligen?<\/a><\/p>\n<p>Men allt \u00e4r inte pest och pina. Hogwarts arkitektur \u00e4ndras och bidrar med detaljer som beh\u00e5lls i resten av filmserien. <strong>John Williams<\/strong> komponerade soundtrack \u00e4r felfri. Dementorerna \u00e4r v\u00e4lgjorda och Buckbeak (Vingf\u00e5le) \u00e4r fin. Men som helhet \u00e4r filmen otroligt \u00f6verskattad och snudd p\u00e5\u2026 tr\u00e5kig? Gr\u00e5? B\u00e5da?<\/p>\n<p>Se och avg\u00f6r sj\u00e4lv n\u00e4r filmen visas p\u00e5 tv ikv\u00e4ll. Det \u00e4r en klar fan-favorit \u2013 men inte hos mig. <\/p>\n<p><strong>H\u00e4r kan du se \u201dHarry Potter och f\u00e5ngen fr\u00e5n Azkaban\u201d:\u00a0<\/strong><\/p>\n<ul class=\"wp-block-list\">\n<li>Ikv\u00e4ll 22\/12 18:00 p\u00e5 TV3<\/li>\n<li>Streama p\u00e5 HBO Max<\/li>\n<li>Hyr\/k\u00f6p p\u00e5 SF Anytime<\/li>\n<\/ul>\n<p><img loading=\"lazy\" decoding=\"async\" alt=\"YouTube video\" width=\"480\" height=\"360\" data-pin-nopin=\"true\" nopin=\"nopin\" class=\"perfmatters-lazy\" src=\"https:\/\/www.europesays.com\/se\/wp-content\/uploads\/2025\/12\/1766384118_603_hqdefault.jpg\"\/><\/p>\n<p>L\u00e4s ocks\u00e5: <a href=\"https:\/\/www.moviezine.se\/nyheter\/trailern-till-andy-serkis-dromprojekt-ar-har-och-det-ser-inte-sa-drommigt-ut\" title=\"Trailern till Andy Serkis dr\u00f6mprojekt \u00e4r h\u00e4r och det ser inte s\u00e5 dr\u00f6mmigt ut\" class=\"underline-custom !font-montserrat !font-bold !underline-offset-4 !decoration-4 !decoration-moviezine-green !text-md\" rel=\"nofollow noopener\" target=\"_blank\">Trailern till Andy Serkis dr\u00f6mprojekt \u00e4r h\u00e4r och det ser inte s\u00e5 dr\u00f6mmigt ut<\/a><\/p>\n","protected":false},"excerpt":{"rendered":"\u201dHarry Potter och f\u00e5ngen fr\u00e5n Azkaban\u201d \u00e4r en fantastisk bok, men filmatiseringen \u00e4r en blek imitation. Jag l\u00e4r&hellip;\n","protected":false},"author":2,"featured_media":113479,"comment_status":"","ping_status":"","sticky":false,"template":"","format":"standard","meta":{"footnotes":""},"categories":[67],"tags":[104,2971,2454,34,31,33,32,30,2768,105,11455],"class_list":{"0":"post-113478","1":"post","2":"type-post","3":"status-publish","4":"format-standard","5":"has-post-thumbnail","7":"category-underhallning","8":"tag-entertainment","9":"tag-fantasy","10":"tag-harry-potter","11":"tag-se","12":"tag-svenska","13":"tag-sverige","14":"tag-sweden","15":"tag-swedish","16":"tag-tv-tips","17":"tag-underhallning","18":"tag-warner-bros"},"share_on_mastodon":{"url":"https:\/\/pubeurope.com\/@se\/115761756727481793","error":""},"_links":{"self":[{"href":"https:\/\/www.europesays.com\/se\/wp-json\/wp\/v2\/posts\/113478","targetHints":{"allow":["GET"]}}],"collection":[{"href":"https:\/\/www.europesays.com\/se\/wp-json\/wp\/v2\/posts"}],"about":[{"href":"https:\/\/www.europesays.com\/se\/wp-json\/wp\/v2\/types\/post"}],"author":[{"embeddable":true,"href":"https:\/\/www.europesays.com\/se\/wp-json\/wp\/v2\/users\/2"}],"replies":[{"embeddable":true,"href":"https:\/\/www.europesays.com\/se\/wp-json\/wp\/v2\/comments?post=113478"}],"version-history":[{"count":0,"href":"https:\/\/www.europesays.com\/se\/wp-json\/wp\/v2\/posts\/113478\/revisions"}],"wp:featuredmedia":[{"embeddable":true,"href":"https:\/\/www.europesays.com\/se\/wp-json\/wp\/v2\/media\/113479"}],"wp:attachment":[{"href":"https:\/\/www.europesays.com\/se\/wp-json\/wp\/v2\/media?parent=113478"}],"wp:term":[{"taxonomy":"category","embeddable":true,"href":"https:\/\/www.europesays.com\/se\/wp-json\/wp\/v2\/categories?post=113478"},{"taxonomy":"post_tag","embeddable":true,"href":"https:\/\/www.europesays.com\/se\/wp-json\/wp\/v2\/tags?post=113478"}],"curies":[{"name":"wp","href":"https:\/\/api.w.org\/{rel}","templated":true}]}}