{"id":113480,"date":"2025-12-22T06:16:11","date_gmt":"2025-12-22T06:16:11","guid":{"rendered":"https:\/\/www.europesays.com\/se\/113480\/"},"modified":"2025-12-22T06:16:11","modified_gmt":"2025-12-22T06:16:11","slug":"stjarnstoft-kullkastar-hur-livets-byggstenar-sprids-i-rymden","status":"publish","type":"post","link":"https:\/\/www.europesays.com\/se\/113480\/","title":{"rendered":"Stj\u00e4rnstoft kullkastar hur livets byggstenar sprids i rymden"},"content":{"rendered":"<p>&#13;<br \/>\n                        &#13;<br \/>\n&#13;<br \/>\n&#13;<br \/>\n&#13;<\/p>\n<p style=\" margin-bottom:14pt;margin-top:12px;\"><img decoding=\"async\" alt=\"\" src=\"https:\/\/www.europesays.com\/se\/wp-content\/uploads\/2025\/12\/81abc2427183d36d_800x800ar.jpg\"\/><\/p>\n<p style=\" margin-bottom:14pt; margin-top:12px;\"><strong>Stj\u00e4rnljus och stj\u00e4rnstoft r\u00e4cker inte alltid f\u00f6r att driva j\u00e4ttestj\u00e4rnors kraftfulla vindar. Det \u00e4r slutsatsen i en ny studie fr\u00e5n Chalmers tekniska h\u00f6gskola av den r\u00f6da j\u00e4ttestj\u00e4rnan R Doradus. Resultatet kullkastar en sedan l\u00e4nge etablerad uppfattning om hur de atomer som beh\u00f6vs f\u00f6r liv sprids genom v\u00e5r galax.<\/strong><\/p>\n<p style=\" margin-bottom:8pt; margin-top:0pt;\">\u2013 Vi trodde att vi hade en ganska bra bild av hur processen fungerade, men det visade sig att vi hade fel. F\u00f6r oss som forskare \u00e4r det den mest sp\u00e4nnande slutsatsen, s\u00e4ger Theo Khouri, astronom vid Chalmers och en av studiens tv\u00e5 ledare. <\/p>\n<p style=\" margin-bottom:8pt; margin-top:0pt;\">F\u00f6r att kunna f\u00f6rst\u00e5 livets ursprung p\u00e5 jorden \u00e4r det viktigt att f\u00f6rst\u00e5 hur j\u00e4ttestj\u00e4rnor driver sina vindar. I flera decennier har astronomer trott att vindar fr\u00e5n r\u00f6da j\u00e4ttestj\u00e4rnor \u2013 som berikar galaxen med kol, syre, kv\u00e4ve och andra grund\u00e4mnen som \u00e4r n\u00f6dv\u00e4ndiga f\u00f6r liv \u2013 drivs av att stj\u00e4rnljus trycker p\u00e5 nybildade stoftkorn. De nya observationerna av R Doradus utmanar denna bild.<\/p>\n<p style=\" margin-bottom:8pt; margin-top:0pt;\">R\u00f6da j\u00e4ttestj\u00e4rnor \u00e4r solens \u00e4ldre och svalare sl\u00e4ktingar. N\u00e4r de \u00e5ldras f\u00f6rlorar de stora m\u00e4ngder material genom sina stj\u00e4rnvindar, vilket berikar rymden mellan stj\u00e4rnorna med r\u00e5material till m\u00f6jliga planeter och liv i framtiden. Trots deras betydelse har den fysiska mekanismen bakom dessa vindar l\u00e4nge varit oklar.<\/p>\n<p style=\" margin-bottom:8pt; margin-top:0pt;\">Astronomer har studerat den n\u00e4rliggande r\u00f6da j\u00e4ttestj\u00e4rnan R Doradus och gjort en ov\u00e4ntad uppt\u00e4ckt med stora konsekvenser. De sm\u00e5 stoftkorn som omger stj\u00e4rnan \u00e4r f\u00f6r sm\u00e5 f\u00f6r att stj\u00e4rnljuset ska kunna knuffa dem tillr\u00e4ckligt h\u00e5rt f\u00f6r att de ska n\u00e5 ut i den interstell\u00e4ra rymden. <\/p>\n<p style=\" margin-bottom:8pt; margin-top:0pt;\">Studien leddes av forskare vid Chalmers tekniska h\u00f6gskola och har publicerats i tidskriften Astronomy &amp; Astrophysics.<\/p>\n<p style=\" margin-bottom:8pt; margin-top:0pt;\">\u2013 Med v\u00e4rldens b\u00e4sta teleskop kan vi nu g\u00f6ra mycket detaljerade observationer av de n\u00e4rmaste j\u00e4ttestj\u00e4rnorna, och R Doradus \u00e4r en favoritstj\u00e4rna f\u00f6r oss. Den \u00e4r ljusstark, relativt n\u00e4ra och samtidigt typisk f\u00f6r den vanligaste typen av r\u00f6d j\u00e4tte, s\u00e4ger Theo Khouri.<\/p>\n<p style=\" margin-bottom:8pt; margin-top:0pt;\">Forskargruppen observerade R Doradus med instrumentet Sphere vid ESO:s Very Large Telescope. De m\u00e4tte upp ljus som reflekteras av stoftkorn i ett omr\u00e5de runt stj\u00e4rnan som \u00e4r ungef\u00e4r lika stort som v\u00e5rt solsystem. Genom att analysera polariserat ljus i olika v\u00e5gl\u00e4ngder kunde forskarna best\u00e4mma stoftkornens storlek och sammans\u00e4ttning. M\u00e4tningarna visade sig st\u00e4mma v\u00e4l \u00f6verens med vanliga typer av stj\u00e4rnstoft, s\u00e5som silikater och aluminiumoxid.<\/p>\n<p style=\" margin-bottom:8pt; margin-top:0pt;\">Observationerna kombinerades d\u00e4refter med avancerade datorsimuleringar av hur stj\u00e4rnljus samverkar med stoft runt stj\u00e4rnan.<\/p>\n<p style=\" margin-bottom:8pt; margin-top:0pt;\">\u2013 F\u00f6r f\u00f6rsta g\u00e5ngen kunde vi utf\u00f6ra systematiska tester f\u00f6r att verkligen avg\u00f6ra om dessa stoftkorn kan k\u00e4nna en tillr\u00e4ckligt stark st\u00f6t fr\u00e5n stj\u00e4rnans ljus, s\u00e4ger Thi\u00e9baut Schirmer, huvudf\u00f6rfattare till forskningsartikeln.<\/p>\n<p style=\" margin-bottom:8pt; margin-top:0pt;\">Resultatet \u00f6verraskade forskarna. Trycket fr\u00e5n stj\u00e4rnljuset r\u00e4cker inte. De stoftkorn som omger R Doradus \u00e4r vanligtvis bara omkring en tiotusendels millimeter stora \u2013 alldeles f\u00f6r sm\u00e5 f\u00f6r att bara stj\u00e4rnljus skulle r\u00e4cka f\u00f6r att driva stj\u00e4rnvinden ut i rymden.<\/p>\n<p style=\" margin-bottom:8pt; margin-top:0pt;\">\u2013 Dammkornen finns d\u00e4r och belyses av stj\u00e4rnan. Men de ger helt enkelt inte tillr\u00e4cklig kraft f\u00f6r att f\u00f6rklara det vi ser.<\/p>\n<p style=\" margin-bottom:8pt; margin-top:0pt;\">I st\u00e4llet pekar resultaten mot att andra, mer komplexa processer spelar en viktig roll. Forskargruppen har tidigare anv\u00e4nt teleskopet Alma f\u00f6r att f\u00e5nga bilder av enorma bubblor som stiger och sjunker p\u00e5 R Doradus yta.<\/p>\n<p style=\" margin-bottom:8pt; margin-top:0pt;\">\u2013 \u00c4ven om den enklaste f\u00f6rklaringen inte h\u00e5ller finns det sp\u00e4nnande alternativ att utforska, J\u00e4ttelika konvektiva bubblor, stj\u00e4rnans pulsationer eller dramatiska h\u00e4ndelser d\u00e4r nytt stoft bildas kan alla bidra till att f\u00f6rklara hur dessa vindar s\u00e4tts i r\u00f6relse, s\u00e4ger Wouter Vlemmings, professor vid Chalmers och medf\u00f6rfattare till studien.<\/p>\n<p><strong>Mer om forskningen<\/strong><\/p>\n<p style=\" margin-bottom:8pt; margin-top:0pt;\">Forskningsartikeln <a href=\"https:\/\/doi.org\/10.1051\/0004-6361\/202556884\" rel=\"nofollow noopener\" target=\"_blank\">An empirical view of the extended atmosphere and inner envelope of the asymptotic giant branch star R Doradus II. Constraining the dust properties with radiative transfer modelling<\/a> \u00e4r publicerad i tidskriften Astronomy &amp; Astrophysics.<\/p>\n<p style=\" margin-bottom:8pt; margin-top:0pt;\">Forskningen genomf\u00f6rdes som en del av det tv\u00e4rvetenskapliga projektet The origin and fate of dust in our Universe, som finansierats av Knut och Alice Wallenberg-stiftelsen och \u00e4r ett samarbete mellan forskare vid Chalmers tekniska h\u00f6gskola och G\u00f6teborgs universitet.<\/p>\n<p style=\" margin-bottom:8pt; margin-top:0pt;\">Teamet best\u00e5r av Thi\u00e9baut Schirmer, Theo Khouri, Wouter Vlemmings, Gunnar Nyman, Matthias Maercker, Ramlal Unnikrishnan, Behzad Bojnordi Arbab, Kirsten K. Knudsen och Susanne Aalto. Alla medf\u00f6rfattare \u00e4r verksamma vid Chalmers tekniska h\u00f6gskola, f\u00f6rutom Gunnar Nyman som \u00e4r verksam vid G\u00f6teborgs universitet.<\/p>\n<p style=\" margin-bottom:8pt; margin-top:0pt;\">Forskargruppen anv\u00e4nde instrumentet Sphere (Spectro-Polarimetric High-contrast Exoplanet REsearch) p\u00e5 Very Large Telescope (VLT), bel\u00e4get vid Paranalobservatoriet i Chile. VLT drivs av ESO, Europeiska sydobservatoriet. Sverige \u00e4r en av ESO:s 16 medlemsstater.<\/p>\n<p><strong>Mer om stj\u00e4rnan<\/strong><\/p>\n<p style=\" margin-bottom:8pt; margin-top:0pt;\">R Doradus \u00e4r en r\u00f6d j\u00e4ttestj\u00e4rna som ligger bara 180 ljus\u00e5r fr\u00e5n jorden i den sydliga stj\u00e4rnbilden Sv\u00e4rdfisken (Dorado p\u00e5 latin). Den har en massa som liknar solens och n\u00e4rmar sig nu slutet av sitt liv. Den \u00e4r ett exempel p\u00e5 det som kallas en AGB-stj\u00e4rna (AGB = asymptotic giant branch eller asymptotisk j\u00e4ttegren). S\u00e5dana stj\u00e4rnor f\u00f6rlorar sina yttre lager till den interstell\u00e4ra rymden i form av t\u00e4ta stj\u00e4rnvindar som best\u00e5r av gas och stoft. R Doradus f\u00f6rlorar motsvarande en tredjedel av jordens massa p\u00e5 tio \u00e5r. Andra liknande stj\u00e4rnor f\u00f6rlorar massa hundratals eller tusentals g\u00e5nger snabbare. Om flera miljarder \u00e5r kommer \u00e4ven v\u00e5r sol att omvandlas till samma typ av stj\u00e4rna som R Doradus \u00e4r idag.<\/p>\n<p><strong>F\u00f6r mer information, kontakta:<\/strong><\/p>\n<p style=\" margin-bottom:8pt; margin-top:0pt;\"><strong>Robert Cumming<\/strong>, astronom och kommunikat\u00f6r, Onsala rymdobservatorium, Chalmers tekniska h\u00f6gskola, robert.cumming@chalmers.se, 0704 93 31 14<\/p>\n<p style=\" margin-bottom:8pt; margin-top:0pt;\"><strong>Theo Khouri<\/strong>, astronom, Chalmers tekniska h\u00f6gskola, 031 772 55 16, \u00a0<a href=\"https:\/\/news.cision.com\/se\/chalmers\/r\/mailto:theo.khouri@chalmers.se\" rel=\"nofollow noopener\" target=\"_blank\">theo.khouri@chalmers.se<\/a><\/p>\n<p style=\" margin-bottom:8pt; margin-top:0pt;\"><strong>Wouter Vlemmings<\/strong>, professor, Chalmers tekniska h\u00f6gskola, 031 772 63 54, <a href=\"https:\/\/news.cision.com\/se\/chalmers\/r\/mailto:theo.khouri@chalmers.se\" rel=\"nofollow noopener\" target=\"_blank\">wouter.vlemmings@chalmers.se<\/a><\/p>\n<p style=\" margin-bottom:8pt; margin-top:0pt;\">Robert Cumming talar svenska och engelska, Theo Khouri talar engelska och portugisiska och Wouter Vlemmings talar engelska och nederl\u00e4ndska.<\/p>\n<p><strong>Bilden i topp<\/strong><\/p>\n<p style=\" margin-bottom:8pt; margin-top:0pt;\"><strong>Bildtext:<\/strong> Moln av stoft och damm kring stj\u00e4rnan R Doradus reflekterar stj\u00e4rnans ljus. Nu n\u00e4r stj\u00e4rnan n\u00e4rmar sig slutet av sitt liv sl\u00e4pper den sina yttre lager, vilket bildar ett h\u00f6lje av gas och stoft som h\u00e4r visas i rosa och gult. Forskare har l\u00e4nge trott att stj\u00e4rnans lyskraft r\u00e4cker f\u00f6r att driva en stj\u00e4rnvind n\u00e4r ljuset tr\u00e4ffar stoftkornen. Men f\u00e4rgen p\u00e5 det reflekterade ljuset visar att stoftkornen \u00e4r f\u00f6r sm\u00e5 f\u00f6r att kunna f\u00f6rklara stj\u00e4rnans vind. Bilden har tagits i polariserat synligt ljus med teleskopet VLT och instrumentet Sphere. I mitten av bilden syns Alma:s bild av stj\u00e4rnans yta, som visas i gult och orange.<\/p>\n<p style=\" margin-bottom:8pt; margin-top:0pt;\"><strong>Bild: <\/strong>ESO\/T. Schirmer\/T. Khouri; ALMA (ESO\/NAOJ\/NRAO)<\/p>\n<p><strong>Bilderna nedan <\/strong><\/p>\n<p style=\" margin-bottom:8pt; margin-top:0pt;\"><img decoding=\"async\" alt=\"potw1816a_72dpi_1920x1080.jpg\" src=\"https:\/\/www.europesays.com\/se\/wp-content\/uploads\/2025\/12\/a94d4b8e6fd4b474_800x800ar.jpg\"\/><\/p>\n<p style=\" margin-bottom:8pt; margin-top:0pt;\"><strong>Bildtext: <\/strong>Stj\u00e4rnhimlen \u00f6ver j\u00e4tteteleskopen VLT (Very Large Telescope). Stj\u00e4rnan R Doradus ligger till strax till v\u00e4nster om teleskopet i mitten av bilden, i n\u00e4rheten av det Stora magellanska molnet som syns h\u00e4r som en suddig fl\u00e4ck p\u00e5 himlen.<\/p>\n<p style=\" margin-bottom:8pt; margin-top:0pt;\"><strong>Bild:\u00a0<\/strong>Foto: P. Hor\u00e1lek\/ESO<\/p>\n<p style=\" margin-bottom:8pt; margin-top:0pt;\"><img decoding=\"async\" alt=\"eso2412d_1920x1080.jpg\" src=\"https:\/\/www.europesays.com\/se\/wp-content\/uploads\/2025\/12\/818748f877daf8aa_800x800ar.jpg\"\/><\/p>\n<p style=\" margin-bottom:8pt; margin-top:0pt;\"><strong>Bildtext: <\/strong>Vidvinkelbild av omr\u00e5det p\u00e5 himlen runt den r\u00f6da j\u00e4ttestj\u00e4rnan R Doradus. <\/p>\n<p style=\" margin-bottom:8pt; margin-top:0pt;\"><strong>Bild:<\/strong> ESO\/Digitized Sky Survey 2\/Davide De Martin<\/p>\n<p style=\" margin-bottom:8pt; margin-top:0pt;\">\u00a0<\/p>\n<p>&#13;<br \/>\n&#13;<br \/>\n&#13;<\/p>\n<p><strong>Henrik Dahlberg<\/strong><br \/>Enhetschef Medierelationer<br \/>031-772 1940<br \/>henrik.dahlberg@chalmers.se<\/p>\n<p>&#13;<\/p>\n<p>________________<\/p>\n<p><a href=\"http:\/\/www.chalmers.se\" target=\"_blank\" rel=\"nofollow noopener\">Chalmers tekniska h\u00f6gskola<\/a> i G\u00f6teborg forskar och utbildar inom teknik och naturvetenskap p\u00e5 h\u00f6g internationell niv\u00e5. Universitetet har 3 100 anst\u00e4llda, 10 000 studenter och utbildar ingenj\u00f6rer, arkitekter och sj\u00f6bef\u00e4l. <\/p>\n<p>Med vetenskaplig excellens som grund utvecklar Chalmers kompetens och tekniska l\u00f6sningar f\u00f6r en h\u00e5llbar v\u00e4rld. Genom globalt engagemang och entrepren\u00f6rsanda skapar vi innovationskraft, i n\u00e4ra samarbete med \u00f6vriga samh\u00e4llet.\u00a0<\/p>\n<p>Chalmers grundades 1829 och har \u00e4n idag samma motto: Avancez \u2013 fram\u00e5t.<\/p>\n<p>&#8212;<\/p>\n<p>Det \u00e4r till\u00e5tet att ladda ner, sprida och anv\u00e4nda bifogade bilder och illustrationer, om inget annat anges, f\u00f6r publiceringar i samband med Chalmers pressmeddelanden s\u00e5 l\u00e4nge Chalmers och fotograf\/illustrat\u00f6r st\u00e5r med som upphovsperson d\u00e4r m\u00f6jlighet ges. Det \u00e4r till\u00e5tet att besk\u00e4ra och justera i materialet f\u00f6r att anpassa format f\u00f6r publikation men det \u00e4r ej till\u00e5tet att omarbeta originalet p\u00e5 ett s\u00e5dant s\u00e4tt att det \u00e4ndrar den ursprungliga inneb\u00f6rden. Materialet \u00e4r avsett att anv\u00e4ndas i redaktionellt syfte. Kommersiell anv\u00e4ndning, som del i marknadsf\u00f6ring av varor och tj\u00e4nster, \u00e4r inte till\u00e5ten. <\/p>\n<p>Vi vill att Chalmers och v\u00e5ra fotografer och illustrat\u00f6rer namnges i samband med publicering d\u00e4r det \u00e4r m\u00f6jligt enligt f\u00f6ljande modell:<\/p>\n<ul>\n<li>Foto: <strong>Chalmers tekniska h\u00f6gskola| F\u00f6rnamn Efternamn<\/strong><\/li>\n<li>Grafik\/Illustration: <strong>Chalmers tekniska h\u00f6gskola| F\u00f6rnamn Efternamn<\/strong><\/li>\n<\/ul>\n","protected":false},"excerpt":{"rendered":"&#13; &#13; &#13; &#13; &#13; Stj\u00e4rnljus och stj\u00e4rnstoft r\u00e4cker inte alltid f\u00f6r att driva j\u00e4ttestj\u00e4rnors kraftfulla vindar. Det&hellip;\n","protected":false},"author":2,"featured_media":113481,"comment_status":"","ping_status":"","sticky":false,"template":"","format":"standard","meta":{"footnotes":""},"categories":[66],"tags":[80,78,79,34,31,33,32,30,81,84,83,82],"class_list":{"0":"post-113480","1":"post","2":"type-post","3":"status-publish","4":"format-standard","5":"has-post-thumbnail","7":"category-vetenskap-och-teknik","8":"tag-science","9":"tag-science-and-technology","10":"tag-scienceandtechnology","11":"tag-se","12":"tag-svenska","13":"tag-sverige","14":"tag-sweden","15":"tag-swedish","16":"tag-technology","17":"tag-teknik","18":"tag-vetenskap","19":"tag-vetenskapteknik"},"share_on_mastodon":{"url":"https:\/\/pubeurope.com\/@se\/115761760492254736","error":""},"_links":{"self":[{"href":"https:\/\/www.europesays.com\/se\/wp-json\/wp\/v2\/posts\/113480","targetHints":{"allow":["GET"]}}],"collection":[{"href":"https:\/\/www.europesays.com\/se\/wp-json\/wp\/v2\/posts"}],"about":[{"href":"https:\/\/www.europesays.com\/se\/wp-json\/wp\/v2\/types\/post"}],"author":[{"embeddable":true,"href":"https:\/\/www.europesays.com\/se\/wp-json\/wp\/v2\/users\/2"}],"replies":[{"embeddable":true,"href":"https:\/\/www.europesays.com\/se\/wp-json\/wp\/v2\/comments?post=113480"}],"version-history":[{"count":0,"href":"https:\/\/www.europesays.com\/se\/wp-json\/wp\/v2\/posts\/113480\/revisions"}],"wp:featuredmedia":[{"embeddable":true,"href":"https:\/\/www.europesays.com\/se\/wp-json\/wp\/v2\/media\/113481"}],"wp:attachment":[{"href":"https:\/\/www.europesays.com\/se\/wp-json\/wp\/v2\/media?parent=113480"}],"wp:term":[{"taxonomy":"category","embeddable":true,"href":"https:\/\/www.europesays.com\/se\/wp-json\/wp\/v2\/categories?post=113480"},{"taxonomy":"post_tag","embeddable":true,"href":"https:\/\/www.europesays.com\/se\/wp-json\/wp\/v2\/tags?post=113480"}],"curies":[{"name":"wp","href":"https:\/\/api.w.org\/{rel}","templated":true}]}}