{"id":113482,"date":"2025-12-22T06:17:08","date_gmt":"2025-12-22T06:17:08","guid":{"rendered":"https:\/\/www.europesays.com\/se\/113482\/"},"modified":"2025-12-22T06:17:08","modified_gmt":"2025-12-22T06:17:08","slug":"ljusning-bland-handlare-fortsatt-dystert-for-sallankop","status":"publish","type":"post","link":"https:\/\/www.europesays.com\/se\/113482\/","title":{"rendered":"Ljusning bland handlare \u2013 fortsatt dystert f\u00f6r s\u00e4llank\u00f6p"},"content":{"rendered":"<p>St\u00e4mningsl\u00e4get inom b\u00e5de dagligvaruhandeln och partihandeln blir allt b\u00e4ttre. Enligt Svensk Handels barometer f\u00f6r december hamnar b\u00e5da branscherna runt det neutrala v\u00e4rdet 100.<\/p>\n<p>Omni \u00e4r politiskt obundna och oberoende. Vi str\u00e4var efter att ge fler perspektiv p\u00e5 nyheterna. Har du fr\u00e5gor eller synpunkter kring v\u00e5r rapportering? <a href=\"https:\/\/omniekonomi.se\/ljusning-bland-handlare-fortsatt-dystert-for-sallankop\/a\/mailto:eko@omni.se\" class=\"ArticleActions_contactLink__W2F1M\" rel=\"nofollow noopener\" target=\"_blank\">Kontakta redaktionen<\/a><\/p>\n","protected":false},"excerpt":{"rendered":"St\u00e4mningsl\u00e4get inom b\u00e5de dagligvaruhandeln och partihandeln blir allt b\u00e4ttre. Enligt Svensk Handels barometer f\u00f6r december hamnar b\u00e5da branscherna&hellip;\n","protected":false},"author":2,"featured_media":113483,"comment_status":"","ping_status":"","sticky":false,"template":"","format":"standard","meta":{"footnotes":""},"categories":[65],"tags":[72,952,70,71,951,34,1524,31,33,32,30],"class_list":{"0":"post-113482","1":"post","2":"type-post","3":"status-publish","4":"format-standard","5":"has-post-thumbnail","7":"category-ekonomi","8":"tag-business","9":"tag-detaljhandel","10":"tag-economy","11":"tag-ekonomi","12":"tag-handel-tjanster","13":"tag-se","14":"tag-svensk-handel","15":"tag-svenska","16":"tag-sverige","17":"tag-sweden","18":"tag-swedish"},"share_on_mastodon":{"url":"https:\/\/pubeurope.com\/@se\/115761764395207666","error":""},"_links":{"self":[{"href":"https:\/\/www.europesays.com\/se\/wp-json\/wp\/v2\/posts\/113482","targetHints":{"allow":["GET"]}}],"collection":[{"href":"https:\/\/www.europesays.com\/se\/wp-json\/wp\/v2\/posts"}],"about":[{"href":"https:\/\/www.europesays.com\/se\/wp-json\/wp\/v2\/types\/post"}],"author":[{"embeddable":true,"href":"https:\/\/www.europesays.com\/se\/wp-json\/wp\/v2\/users\/2"}],"replies":[{"embeddable":true,"href":"https:\/\/www.europesays.com\/se\/wp-json\/wp\/v2\/comments?post=113482"}],"version-history":[{"count":0,"href":"https:\/\/www.europesays.com\/se\/wp-json\/wp\/v2\/posts\/113482\/revisions"}],"wp:featuredmedia":[{"embeddable":true,"href":"https:\/\/www.europesays.com\/se\/wp-json\/wp\/v2\/media\/113483"}],"wp:attachment":[{"href":"https:\/\/www.europesays.com\/se\/wp-json\/wp\/v2\/media?parent=113482"}],"wp:term":[{"taxonomy":"category","embeddable":true,"href":"https:\/\/www.europesays.com\/se\/wp-json\/wp\/v2\/categories?post=113482"},{"taxonomy":"post_tag","embeddable":true,"href":"https:\/\/www.europesays.com\/se\/wp-json\/wp\/v2\/tags?post=113482"}],"curies":[{"name":"wp","href":"https:\/\/api.w.org\/{rel}","templated":true}]}}