{"id":113484,"date":"2025-12-22T06:18:10","date_gmt":"2025-12-22T06:18:10","guid":{"rendered":"https:\/\/www.europesays.com\/se\/113484\/"},"modified":"2025-12-22T06:18:10","modified_gmt":"2025-12-22T06:18:10","slug":"forsokte-ta-med-dod-89-aring-pa-flyget","status":"publish","type":"post","link":"https:\/\/www.europesays.com\/se\/113484\/","title":{"rendered":"F\u00f6rs\u00f6kte ta med d\u00f6d 89-\u00e5ring p\u00e5 flyget"},"content":{"rendered":"<p class=\"rubrik4 ingress article-body\">M\u00c1LAGA Ett flygplan p\u00e5 v\u00e4g fr\u00e5n M\u00e1laga till London tvingades avbryta starten efter uppt\u00e4ckten att en av passagerarna ombord var d\u00f6d. En brittisk familj anklagas nu f\u00f6r att ha f\u00f6rs\u00f6kt smuggla med sig den avlidna 89-\u00e5riga kvinnan genom att h\u00e4vda att hon sov.<\/p>\n<p class=\"text\">H\u00e4ndelsen intr\u00e4ffade nyligen n\u00e4r en familj f\u00f6rs\u00f6kte g\u00e5 ombord p\u00e5 ett EasyJet-plan med en livl\u00f6s sl\u00e4kting. Den 89-\u00e5riga kvinnan rullades ombord i rullstol av fem familjemedlemmar som d\u00e4refter lyfte \u00f6ver henne till ett s\u00e4te l\u00e4ngst bak i kabinen. N\u00e4r personal och medpassagerare reagerade p\u00e5 kvinnans tillst\u00e5nd ska familjen ha insisterat p\u00e5 att hon bara var mycket tr\u00f6tt och hade somnat.&#13;<\/p>\n<p>Vittnen ombord uppger att familjen lyckades ta sig f\u00f6rbi gaten genom att h\u00e4vda att l\u00e4get var under kontroll och att de var l\u00e4kare. Planet hann l\u00e4mna gaten och b\u00f6rja taxa ut mot startbanan innan kabinpersonalen ins\u00e5g att kvinnan faktiskt hade avlidit. Uppt\u00e4ckten tvingade piloten att v\u00e4nda tillbaka till terminalen, vilket orsakade en f\u00f6rsening p\u00e5 tolv timmar f\u00f6r \u00f6vriga resen\u00e4rer, skriver <a href=\"https:\/\/www.laopiniondemalaga.es\/malaga\/2025\/12\/19\/descubren-familia-britanica-intentando-colar-cadaver-easyjet-malaga-124979505.html\" target=\"_blank\" rel=\"nofollow noopener\">La Opini\u00f3n de M\u00e1laga<\/a>.&#13;<\/p>\n<p>Flygbolaget har i ett uttalande f\u00f6rsvarat sig med att kvinnan hade ett giltigt l\u00e4karintyg f\u00f6r flygningen och att hon var vid liv vid ombordstigningen. Detta mots\u00e4gs dock kraftigt av medpassagerare som via sociala medier uttryckt chock \u00f6ver att bolaget l\u00e4t en uppenbart avliden person komma ombord. H\u00e4ndelsen utreds nu internt av flygbolaget f\u00f6r att klarg\u00f6ra hur s\u00e4kerhetskontrollerna kunde brista.<\/p>\n","protected":false},"excerpt":{"rendered":"M\u00c1LAGA Ett flygplan p\u00e5 v\u00e4g fr\u00e5n M\u00e1laga till London tvingades avbryta starten efter uppt\u00e4ckten att en av passagerarna&hellip;\n","protected":false},"author":2,"featured_media":113485,"comment_status":"","ping_status":"","sticky":false,"template":"","format":"standard","meta":{"footnotes":""},"categories":[14],"tags":[12394,22,23,1051,12393,12390,26,27,12396,17,21,24,25,28,29,12392,15,16,12395,18,34,691,31,33,32,30,1050,1059,12391,19,20,51,52,53,54],"class_list":{"0":"post-113484","1":"post","2":"type-post","3":"status-publish","4":"format-standard","5":"has-post-thumbnail","7":"category-varlden","8":"tag-89-ring","9":"tag-breaking-news","10":"tag-breakingnews","11":"tag-costa-del-sol","12":"tag-dd","13":"tag-frskte","14":"tag-featured-news","15":"tag-featurednews","16":"tag-flyget","17":"tag-headlines","18":"tag-huvudnyheter","19":"tag-latest-news","20":"tag-latestnews","21":"tag-main-news","22":"tag-mainnews","23":"tag-med","24":"tag-news","25":"tag-nyheter","26":"tag-p","27":"tag-rubriker","28":"tag-se","29":"tag-spanien","30":"tag-svenska","31":"tag-sverige","32":"tag-sweden","33":"tag-swedish","34":"tag-sydkusten","35":"tag-sydkusten-es","36":"tag-ta","37":"tag-top-stories","38":"tag-topstories","39":"tag-varlden","40":"tag-world","41":"tag-world-news","42":"tag-worldnews"},"share_on_mastodon":{"url":"https:\/\/pubeurope.com\/@se\/115761768286385395","error":""},"_links":{"self":[{"href":"https:\/\/www.europesays.com\/se\/wp-json\/wp\/v2\/posts\/113484","targetHints":{"allow":["GET"]}}],"collection":[{"href":"https:\/\/www.europesays.com\/se\/wp-json\/wp\/v2\/posts"}],"about":[{"href":"https:\/\/www.europesays.com\/se\/wp-json\/wp\/v2\/types\/post"}],"author":[{"embeddable":true,"href":"https:\/\/www.europesays.com\/se\/wp-json\/wp\/v2\/users\/2"}],"replies":[{"embeddable":true,"href":"https:\/\/www.europesays.com\/se\/wp-json\/wp\/v2\/comments?post=113484"}],"version-history":[{"count":0,"href":"https:\/\/www.europesays.com\/se\/wp-json\/wp\/v2\/posts\/113484\/revisions"}],"wp:featuredmedia":[{"embeddable":true,"href":"https:\/\/www.europesays.com\/se\/wp-json\/wp\/v2\/media\/113485"}],"wp:attachment":[{"href":"https:\/\/www.europesays.com\/se\/wp-json\/wp\/v2\/media?parent=113484"}],"wp:term":[{"taxonomy":"category","embeddable":true,"href":"https:\/\/www.europesays.com\/se\/wp-json\/wp\/v2\/categories?post=113484"},{"taxonomy":"post_tag","embeddable":true,"href":"https:\/\/www.europesays.com\/se\/wp-json\/wp\/v2\/tags?post=113484"}],"curies":[{"name":"wp","href":"https:\/\/api.w.org\/{rel}","templated":true}]}}