{"id":113486,"date":"2025-12-22T06:19:08","date_gmt":"2025-12-22T06:19:08","guid":{"rendered":"https:\/\/www.europesays.com\/se\/113486\/"},"modified":"2025-12-22T06:19:08","modified_gmt":"2025-12-22T06:19:08","slug":"informationskampanjer-ska-ge-battre-kunskap-om-hedersrelaterat-vald-och-fortryck","status":"publish","type":"post","link":"https:\/\/www.europesays.com\/se\/113486\/","title":{"rendered":"Informationskampanjer ska ge b\u00e4ttre kunskap om hedersrelaterat v\u00e5ld och f\u00f6rtryck"},"content":{"rendered":"<p>&#13;<br \/>\nAlltf\u00f6r m\u00e5nga lever i dag i en verklighet som pr\u00e4glas av hedersrelaterat v\u00e5ld och f\u00f6rtryck. Utsatta beh\u00f6ver d\u00e4rf\u00f6r f\u00e5 b\u00e4ttre information om det st\u00f6d och skydd som samh\u00e4llet kan erbjuda. Det finns ocks\u00e5 ett behov av utvecklad kunskap hos yrkesverksamma och att de f\u00e5r b\u00e4ttre verktyg f\u00f6r att uppt\u00e4cka hedersrelaterat v\u00e5ld och f\u00f6rtryck. Regeringen ger nu J\u00e4mst\u00e4lldhetsmyndigheten, Socialstyrelsen och flera andra myndigheter nya uppdrag att sprida, informera och utveckla kunskapen inom detta omr\u00e5de. <\/p>\n<p>J\u00e4mst\u00e4lldhetsmyndigheten f\u00e5r i uppdrag att, tillsammans med andra myndigheter, genomf\u00f6ra informationssatsningar om hedersrelaterat v\u00e5ld och f\u00f6rtryck som riktar sig till allm\u00e4nheten. Satsningen ska inneh\u00e5lla information om st\u00f6d och skydd f\u00f6r utsatta. I satsningen ska det vara ett s\u00e4rskilt fokus p\u00e5 hedersrelaterade utmaningar som kan vara vanligt f\u00f6rekommande i omr\u00e5den d\u00e4r utanf\u00f6rskapet \u00e4r stort.<\/p>\n<p>\u2013 Alltf\u00f6r m\u00e5nga i v\u00e5rt land lever i dag i relationer d\u00e4r hedersrelaterat v\u00e5ld och f\u00f6rtryck styr deras liv. Regeringen genomf\u00f6r d\u00e4rf\u00f6r stora satsningar f\u00f6r att v\u00e4nda den h\u00e4r utvecklingen. Nu s\u00e4kerst\u00e4ller vi att samh\u00e4llet kan erbjuda mer st\u00f6d f\u00f6r att utsatta ska kunna l\u00e4mna sammanhang d\u00e4r hedersrelaterat v\u00e5ld och f\u00f6rtryck f\u00f6rekommer. Vi \u00f6kar ocks\u00e5 kunskapen hos yrkesverksamma. Alla ska ha m\u00f6jlighet att leva fria, sj\u00e4lvst\u00e4ndiga och j\u00e4mst\u00e4llda liv, s\u00e4ger j\u00e4mst\u00e4lldhetsminister Nina Larsson.<\/p>\n<p>Regeringen reformerar arbetet mot hedersrelaterat v\u00e5ld och f\u00f6rtryck och sk\u00e4rper lagstiftningen p\u00e5 omr\u00e5det. Det \u00e4r viktigt att yrkesverksamma har uppdaterad kunskap om v\u00e5ldets och f\u00f6rtryckets orsaker, omfattning och konsekvenser. Myndigheterna ska d\u00e4rf\u00f6r ocks\u00e5 genomf\u00f6ra informationssatsningar riktade till yrkesverksamma. Satsningen ska omfatta information om lagstiftning, st\u00f6dprocessen f\u00f6r v\u00e5ldsutsatta och ansvarsf\u00f6rdelning i arbetet p\u00e5 nationell, regional och lokal niv\u00e5. J\u00e4mst\u00e4lldhetsmyndigheten ska \u00e4ven inventera, uppdatera och genomf\u00f6ra utbildningar om hedersrelaterat v\u00e5ld och f\u00f6rtryck, inklusive bortf\u00f6randen utomlands riktade till yrkesverksamma i skola och socialtj\u00e4nst.<\/p>\n<p>Regeringen ger ocks\u00e5 Socialstyrelsen i uppdrag att utveckla kunskap om vilka behov enskilda har av information, st\u00f6d och skydd fr\u00e5n h\u00e4lso- och sjukv\u00e5rd och socialtj\u00e4nst, n\u00e4r de vill l\u00e4mna relationer d\u00e4r hedersrelaterat v\u00e5ld eller f\u00f6rtryck f\u00f6rekommer. Socialstyrelsen ska s\u00e4rskilt beakta fr\u00e5gor om v\u00e5rdnad, boende och umg\u00e4nge och m\u00f6jlighet till skilsm\u00e4ssa, \u00e4ven i en religi\u00f6s kontext, och hinder i form av repressalier och annat efterv\u00e5ld.<\/p>\n<p>Uppsala universitet (Nationellt centrum f\u00f6r kvinnofrid) f\u00e5r ocks\u00e5 medel f\u00f6r att forts\u00e4tta utveckla och sprida befintliga kunskaps- och webbst\u00f6d till l\u00e4ros\u00e4ten, kommuner och h\u00e4lso- och sjukv\u00e5rd med fokus p\u00e5 kunskap om hedersrelaterat v\u00e5ld och f\u00f6rtryck.<\/p>\n","protected":false},"excerpt":{"rendered":"&#13; Alltf\u00f6r m\u00e5nga lever i dag i en verklighet som pr\u00e4glas av hedersrelaterat v\u00e5ld och f\u00f6rtryck. Utsatta beh\u00f6ver&hellip;\n","protected":false},"author":2,"featured_media":67452,"comment_status":"","ping_status":"","sticky":false,"template":"","format":"standard","meta":{"footnotes":""},"categories":[12],"tags":[22,23,26,27,17,21,24,25,28,29,15,16,18,34,31,33,32,30,19,20],"class_list":{"0":"post-113486","1":"post","2":"type-post","3":"status-publish","4":"format-standard","5":"has-post-thumbnail","7":"category-sverige","8":"tag-breaking-news","9":"tag-breakingnews","10":"tag-featured-news","11":"tag-featurednews","12":"tag-headlines","13":"tag-huvudnyheter","14":"tag-latest-news","15":"tag-latestnews","16":"tag-main-news","17":"tag-mainnews","18":"tag-news","19":"tag-nyheter","20":"tag-rubriker","21":"tag-se","22":"tag-svenska","23":"tag-sverige","24":"tag-sweden","25":"tag-swedish","26":"tag-top-stories","27":"tag-topstories"},"share_on_mastodon":{"url":"https:\/\/pubeurope.com\/@se\/115761772176065985","error":""},"_links":{"self":[{"href":"https:\/\/www.europesays.com\/se\/wp-json\/wp\/v2\/posts\/113486","targetHints":{"allow":["GET"]}}],"collection":[{"href":"https:\/\/www.europesays.com\/se\/wp-json\/wp\/v2\/posts"}],"about":[{"href":"https:\/\/www.europesays.com\/se\/wp-json\/wp\/v2\/types\/post"}],"author":[{"embeddable":true,"href":"https:\/\/www.europesays.com\/se\/wp-json\/wp\/v2\/users\/2"}],"replies":[{"embeddable":true,"href":"https:\/\/www.europesays.com\/se\/wp-json\/wp\/v2\/comments?post=113486"}],"version-history":[{"count":0,"href":"https:\/\/www.europesays.com\/se\/wp-json\/wp\/v2\/posts\/113486\/revisions"}],"wp:featuredmedia":[{"embeddable":true,"href":"https:\/\/www.europesays.com\/se\/wp-json\/wp\/v2\/media\/67452"}],"wp:attachment":[{"href":"https:\/\/www.europesays.com\/se\/wp-json\/wp\/v2\/media?parent=113486"}],"wp:term":[{"taxonomy":"category","embeddable":true,"href":"https:\/\/www.europesays.com\/se\/wp-json\/wp\/v2\/categories?post=113486"},{"taxonomy":"post_tag","embeddable":true,"href":"https:\/\/www.europesays.com\/se\/wp-json\/wp\/v2\/tags?post=113486"}],"curies":[{"name":"wp","href":"https:\/\/api.w.org\/{rel}","templated":true}]}}