{"id":113487,"date":"2025-12-22T06:20:08","date_gmt":"2025-12-22T06:20:08","guid":{"rendered":"https:\/\/www.europesays.com\/se\/113487\/"},"modified":"2025-12-22T06:20:08","modified_gmt":"2025-12-22T06:20:08","slug":"22-december-07-00-sammanfattning-natt-orebro-lan","status":"publish","type":"post","link":"https:\/\/www.europesays.com\/se\/113487\/","title":{"rendered":"22 december 07.00, Sammanfattning natt, \u00d6rebro l\u00e4n"},"content":{"rendered":"<p><strong>\u00d6rebro<\/strong><\/p>\n<p>00.02: I centrala \u00d6rebro stoppas ett fordon f\u00f6r kontroll och f\u00f6raren, en man i 35-\u00e5rs\u00e5ldern, blir misst\u00e4nkt f\u00f6r rattfylleri.<\/p>\n<p>00.39: En man i 30-\u00e5rs\u00e5ldern blir misst\u00e4nkt f\u00f6r ofredande av en kvinna i 20-\u00e5rs\u00e5ldern och sexuellt ofredande av en annan kvinna i 20-\u00e5rs\u00e5ldern i centrala \u00d6rebro. Mannen blir omh\u00e4ndertagen enligt lagen om omh\u00e4ndertagande av berusade personer.<\/p>\n<p>01.35: Polisen blir kallade till en nattklubb i centrala \u00d6rebro och skriver en anm\u00e4lan d\u00e4r en man i 50-\u00e5rs\u00e5ldern blir misst\u00e4nkt f\u00f6r sexuellt ofredande av en kvinna i 20-\u00e5rs\u00e5ldern.<\/p>\n<p><strong>Lindesberg<\/strong><\/p>\n<p>23.46: I centrala Lindesberg stoppas ett fordon f\u00f6r kontroll och f\u00f6raren blir misst\u00e4nkt f\u00f6r olovlig k\u00f6rning.<\/p>\n","protected":false},"excerpt":{"rendered":"\u00d6rebro 00.02: I centrala \u00d6rebro stoppas ett fordon f\u00f6r kontroll och f\u00f6raren, en man i 35-\u00e5rs\u00e5ldern, blir misst\u00e4nkt&hellip;\n","protected":false},"author":2,"featured_media":54,"comment_status":"","ping_status":"","sticky":false,"template":"","format":"standard","meta":{"footnotes":""},"categories":[5],"tags":[22,23,26,27,17,21,24,25,28,29,15,16,18,34,31,33,32,30,19,20],"class_list":{"0":"post-113487","1":"post","2":"type-post","3":"status-publish","4":"format-standard","5":"has-post-thumbnail","7":"category-rubriker","8":"tag-breaking-news","9":"tag-breakingnews","10":"tag-featured-news","11":"tag-featurednews","12":"tag-headlines","13":"tag-huvudnyheter","14":"tag-latest-news","15":"tag-latestnews","16":"tag-main-news","17":"tag-mainnews","18":"tag-news","19":"tag-nyheter","20":"tag-rubriker","21":"tag-se","22":"tag-svenska","23":"tag-sverige","24":"tag-sweden","25":"tag-swedish","26":"tag-top-stories","27":"tag-topstories"},"share_on_mastodon":{"url":"https:\/\/pubeurope.com\/@se\/115761776117778976","error":""},"_links":{"self":[{"href":"https:\/\/www.europesays.com\/se\/wp-json\/wp\/v2\/posts\/113487","targetHints":{"allow":["GET"]}}],"collection":[{"href":"https:\/\/www.europesays.com\/se\/wp-json\/wp\/v2\/posts"}],"about":[{"href":"https:\/\/www.europesays.com\/se\/wp-json\/wp\/v2\/types\/post"}],"author":[{"embeddable":true,"href":"https:\/\/www.europesays.com\/se\/wp-json\/wp\/v2\/users\/2"}],"replies":[{"embeddable":true,"href":"https:\/\/www.europesays.com\/se\/wp-json\/wp\/v2\/comments?post=113487"}],"version-history":[{"count":0,"href":"https:\/\/www.europesays.com\/se\/wp-json\/wp\/v2\/posts\/113487\/revisions"}],"wp:featuredmedia":[{"embeddable":true,"href":"https:\/\/www.europesays.com\/se\/wp-json\/wp\/v2\/media\/54"}],"wp:attachment":[{"href":"https:\/\/www.europesays.com\/se\/wp-json\/wp\/v2\/media?parent=113487"}],"wp:term":[{"taxonomy":"category","embeddable":true,"href":"https:\/\/www.europesays.com\/se\/wp-json\/wp\/v2\/categories?post=113487"},{"taxonomy":"post_tag","embeddable":true,"href":"https:\/\/www.europesays.com\/se\/wp-json\/wp\/v2\/tags?post=113487"}],"curies":[{"name":"wp","href":"https:\/\/api.w.org\/{rel}","templated":true}]}}