{"id":113490,"date":"2025-12-22T06:27:28","date_gmt":"2025-12-22T06:27:28","guid":{"rendered":"https:\/\/www.europesays.com\/se\/113490\/"},"modified":"2025-12-22T06:27:28","modified_gmt":"2025-12-22T06:27:28","slug":"manga-doda-i-busskrasch-pa-on-java","status":"publish","type":"post","link":"https:\/\/www.europesays.com\/se\/113490\/","title":{"rendered":"M\u00e5nga d\u00f6da i busskrasch p\u00e5 \u00f6n Java"},"content":{"rendered":"<p class=\"boxtextgrotesk-root_baa6 hyperion-css-7pajle\">Uppdaterad 07.18 | Publicerad 03.47<\/p>\n<p>share-arrowDela<\/p>\n<p>unsaveSpara<\/p>\n<p class=\"hyperion-css-1shl3oz\" data-test-tag=\"lead-text\">En passagerarbuss har kraschat och v\u00e4lt p\u00e5 en motorv\u00e4g p\u00e5 \u00f6n Java i Indonesien.<\/p>\n<p class=\"hyperion-css-1shl3oz\" data-test-tag=\"lead-text\">Minst 16 m\u00e4nniskor har omkommit och flera \u00e4r allvarligt skadade.<\/p>\n<p class=\"hyperion-css-1v9qo5x\">Bussen, med 34 personer ombord, f\u00f6rlorade kontrollen p\u00e5 en motorv\u00e4g, k\u00f6rde in i en betongbarri\u00e4r och v\u00e4lte p\u00e5 sidan n\u00e4r den k\u00f6rde in i en kurvad avfart vid Krapyak, i staden Semarang i Centraljava.<\/p>\n<p class=\"hyperion-css-1v9qo5x\">Sex personer dog p\u00e5 plats och ytterligare tio omkom p\u00e5 v\u00e4g till eller p\u00e5 sjukhus, uppger AP.<\/p>\n<p>expand-left<\/p>\n<p>helsk\u00e4rm<img decoding=\"async\" class=\"image-asset hyperion-css-u06ts1\" data-test-tag=\"image-asset\" src=\"https:\/\/www.europesays.com\/se\/wp-content\/uploads\/2025\/12\/952bdf9a-42de-4fcc-829b-2315a08e7d1e\"  alt=\"R\u00e4ddningstj\u00e4nsten p\u00e5 plats vid olyckan.\"  loading=\"eager\" fetchpriority=\"high\" style=\"aspect-ratio:1184 \/ 789\"\/>R\u00e4ddningstj\u00e4nsten p\u00e5 plats vid olyckan. Foto: Semarang Sar Office\/AP<\/p>\n<p class=\"hyperion-css-1v9qo5x\">18 personer v\u00e5rdas p\u00e5 tv\u00e5 n\u00e4rliggande sjukhus, varav fem \u00e4r kritiskt skadade och 13 allvarligt skadade, uppger r\u00e4ddningstj\u00e4nsten.<\/p>\n<p class=\"hyperion-css-1v9qo5x\">Bussen var p\u00e5 v\u00e4g fr\u00e5n huvudstaden <a data-test-tag=\"internal-link\" href=\"https:\/\/www.aftonbladet.se\/tagg\/jakarta\" class=\"hyperion-css-15jkft9\" rel=\"nofollow noopener\" target=\"\" aria-label=\"Jakarta\">Jakarta<\/a> till Yogyakarta n\u00e4r olyckan intr\u00e4ffade.<\/p>\n","protected":false},"excerpt":{"rendered":"Uppdaterad 07.18 | Publicerad 03.47 share-arrowDela unsaveSpara En passagerarbuss har kraschat och v\u00e4lt p\u00e5 en motorv\u00e4g p\u00e5 \u00f6n&hellip;\n","protected":false},"author":2,"featured_media":113491,"comment_status":"","ping_status":"","sticky":false,"template":"","format":"standard","meta":{"footnotes":""},"categories":[14],"tags":[22,23,26,27,17,21,24,25,28,29,15,16,18,34,31,33,32,30,19,20,51,52,53,54],"class_list":{"0":"post-113490","1":"post","2":"type-post","3":"status-publish","4":"format-standard","5":"has-post-thumbnail","7":"category-varlden","8":"tag-breaking-news","9":"tag-breakingnews","10":"tag-featured-news","11":"tag-featurednews","12":"tag-headlines","13":"tag-huvudnyheter","14":"tag-latest-news","15":"tag-latestnews","16":"tag-main-news","17":"tag-mainnews","18":"tag-news","19":"tag-nyheter","20":"tag-rubriker","21":"tag-se","22":"tag-svenska","23":"tag-sverige","24":"tag-sweden","25":"tag-swedish","26":"tag-top-stories","27":"tag-topstories","28":"tag-varlden","29":"tag-world","30":"tag-world-news","31":"tag-worldnews"},"share_on_mastodon":{"url":"https:\/\/pubeurope.com\/@se\/115761803803864365","error":""},"_links":{"self":[{"href":"https:\/\/www.europesays.com\/se\/wp-json\/wp\/v2\/posts\/113490","targetHints":{"allow":["GET"]}}],"collection":[{"href":"https:\/\/www.europesays.com\/se\/wp-json\/wp\/v2\/posts"}],"about":[{"href":"https:\/\/www.europesays.com\/se\/wp-json\/wp\/v2\/types\/post"}],"author":[{"embeddable":true,"href":"https:\/\/www.europesays.com\/se\/wp-json\/wp\/v2\/users\/2"}],"replies":[{"embeddable":true,"href":"https:\/\/www.europesays.com\/se\/wp-json\/wp\/v2\/comments?post=113490"}],"version-history":[{"count":0,"href":"https:\/\/www.europesays.com\/se\/wp-json\/wp\/v2\/posts\/113490\/revisions"}],"wp:featuredmedia":[{"embeddable":true,"href":"https:\/\/www.europesays.com\/se\/wp-json\/wp\/v2\/media\/113491"}],"wp:attachment":[{"href":"https:\/\/www.europesays.com\/se\/wp-json\/wp\/v2\/media?parent=113490"}],"wp:term":[{"taxonomy":"category","embeddable":true,"href":"https:\/\/www.europesays.com\/se\/wp-json\/wp\/v2\/categories?post=113490"},{"taxonomy":"post_tag","embeddable":true,"href":"https:\/\/www.europesays.com\/se\/wp-json\/wp\/v2\/tags?post=113490"}],"curies":[{"name":"wp","href":"https:\/\/api.w.org\/{rel}","templated":true}]}}