{"id":113496,"date":"2025-12-22T06:35:09","date_gmt":"2025-12-22T06:35:09","guid":{"rendered":"https:\/\/www.europesays.com\/se\/113496\/"},"modified":"2025-12-22T06:35:09","modified_gmt":"2025-12-22T06:35:09","slug":"vill-gora-gronland-till-usa","status":"publish","type":"post","link":"https:\/\/www.europesays.com\/se\/113496\/","title":{"rendered":"Vill g\u00f6ra Gr\u00f6nland till USA"},"content":{"rendered":"<p>USA:s nyutn\u00e4mnde s\u00e4rskilde s\u00e4ndebud f\u00f6r Gr\u00f6nland, Jeff Landry, vill \u201dg\u00f6ra Gr\u00f6nland till en del av USA\u201d, skriver han p\u00e5 X. I inl\u00e4gget skriver han att det \u00e4r \u201den \u00e4ra\u201d att tj\u00e4na president Donald Trump i det arbetet.<\/p>\n<p>Fr\u00e5gan \u00e4r hur allvarligt man ska ta utspelet. Enligt danska TV2:s USA-korrespondent Celina Liv Danielsen handlar det snarare om retorik \u00e4n juridik och diplomati.<\/p>\n<p>\u201dUtspelet ska d\u00e4rf\u00f6r f\u00f6rst och fr\u00e4mst ses som politisk lojalitet och signalpolitik. Inte som en realistisk plan\u201d, skriver hon.<\/p>\n<p>Landry \u00e4r en veteran inom f\u00f6rsvaret och har suttit i USA:s kongress. F\u00f6r tv\u00e5 \u00e5r sedan valdes han till guvern\u00f6r i delstaten Louisiana.<\/p>\n<p>Omni \u00e4r politiskt obundna och oberoende. Vi str\u00e4var efter att ge fler perspektiv p\u00e5 nyheterna. Har du fr\u00e5gor eller synpunkter kring v\u00e5r rapportering? <a href=\"https:\/\/omni.se\/usa-s-nya-sandebud-vill-gora-gronland-till-usa\/a\/mailto:redaktion@omni.se\" class=\"ArticleActions_contactLink__W2F1M\" rel=\"nofollow noopener\" target=\"_blank\">Kontakta redaktionen<\/a><\/p>\n","protected":false},"excerpt":{"rendered":"USA:s nyutn\u00e4mnde s\u00e4rskilde s\u00e4ndebud f\u00f6r Gr\u00f6nland, Jeff Landry, vill \u201dg\u00f6ra Gr\u00f6nland till en del av USA\u201d, skriver han&hellip;\n","protected":false},"author":2,"featured_media":113497,"comment_status":"","ping_status":"","sticky":false,"template":"","format":"standard","meta":{"footnotes":""},"categories":[14],"tags":[22,23,1205,26,27,2161,17,21,24,25,28,29,15,268,16,18,34,31,33,32,30,19,20,386,74,51,52,53,54],"class_list":{"0":"post-113496","1":"post","2":"type-post","3":"status-publish","4":"format-standard","5":"has-post-thumbnail","7":"category-varlden","8":"tag-breaking-news","9":"tag-breakingnews","10":"tag-danmark","11":"tag-featured-news","12":"tag-featurednews","13":"tag-gronland","14":"tag-headlines","15":"tag-huvudnyheter","16":"tag-latest-news","17":"tag-latestnews","18":"tag-main-news","19":"tag-mainnews","20":"tag-news","21":"tag-nordamerika","22":"tag-nyheter","23":"tag-rubriker","24":"tag-se","25":"tag-svenska","26":"tag-sverige","27":"tag-sweden","28":"tag-swedish","29":"tag-top-stories","30":"tag-topstories","31":"tag-trumps-usa","32":"tag-usa","33":"tag-varlden","34":"tag-world","35":"tag-world-news","36":"tag-worldnews"},"share_on_mastodon":{"url":"https:\/\/pubeurope.com\/@se\/115761835239645111","error":""},"_links":{"self":[{"href":"https:\/\/www.europesays.com\/se\/wp-json\/wp\/v2\/posts\/113496","targetHints":{"allow":["GET"]}}],"collection":[{"href":"https:\/\/www.europesays.com\/se\/wp-json\/wp\/v2\/posts"}],"about":[{"href":"https:\/\/www.europesays.com\/se\/wp-json\/wp\/v2\/types\/post"}],"author":[{"embeddable":true,"href":"https:\/\/www.europesays.com\/se\/wp-json\/wp\/v2\/users\/2"}],"replies":[{"embeddable":true,"href":"https:\/\/www.europesays.com\/se\/wp-json\/wp\/v2\/comments?post=113496"}],"version-history":[{"count":0,"href":"https:\/\/www.europesays.com\/se\/wp-json\/wp\/v2\/posts\/113496\/revisions"}],"wp:featuredmedia":[{"embeddable":true,"href":"https:\/\/www.europesays.com\/se\/wp-json\/wp\/v2\/media\/113497"}],"wp:attachment":[{"href":"https:\/\/www.europesays.com\/se\/wp-json\/wp\/v2\/media?parent=113496"}],"wp:term":[{"taxonomy":"category","embeddable":true,"href":"https:\/\/www.europesays.com\/se\/wp-json\/wp\/v2\/categories?post=113496"},{"taxonomy":"post_tag","embeddable":true,"href":"https:\/\/www.europesays.com\/se\/wp-json\/wp\/v2\/tags?post=113496"}],"curies":[{"name":"wp","href":"https:\/\/api.w.org\/{rel}","templated":true}]}}