{"id":113498,"date":"2025-12-22T06:36:08","date_gmt":"2025-12-22T06:36:08","guid":{"rendered":"https:\/\/www.europesays.com\/se\/113498\/"},"modified":"2025-12-22T06:36:08","modified_gmt":"2025-12-22T06:36:08","slug":"rattsvasendet-ska-rustas-for-att-oka-formagan-att-bekampa-hedersrelaterade-brott","status":"publish","type":"post","link":"https:\/\/www.europesays.com\/se\/113498\/","title":{"rendered":"R\u00e4ttsv\u00e4sendet ska rustas f\u00f6r att \u00f6ka f\u00f6rm\u00e5gan att bek\u00e4mpa hedersrelaterade brott"},"content":{"rendered":"<p>&#13;<br \/>\nRegeringen forts\u00e4tter arbetet med att bek\u00e4mpa den hedersrelaterade brottsligheten med kraft. R\u00e4tten till ett liv fritt fr\u00e5n f\u00f6rtryck ska g\u00e4lla alla och nya satsningar g\u00f6rs nu i flera myndigheters regleringsbrev f\u00f6r 2026. Bland annat ska Uppsala universitet, J\u00e4mst\u00e4lldhetsmyndigheten och Brottsoffermyndigheten utveckla digitala utbildningar f\u00f6r yrkesverksamma i r\u00e4ttsv\u00e4sendet. \u00c5klagarmyndigheten ska kartl\u00e4gga varf\u00f6r s\u00e5 f\u00e5 \u00e5tal v\u00e4cks i hedersrelaterade \u00e4renden och s\u00e4llan leder till f\u00e4llande domar. <\/p>\n<p>Det saknas i dag tillr\u00e4cklig kunskap inom r\u00e4ttsv\u00e4sendet om det hedersrelaterade v\u00e5ldets orsaker, omfattning och konsekvenser. Regeringen har d\u00e4rf\u00f6r tagit en rad kunskapsh\u00f6jande initiativ. Brottsoffermyndigheten f\u00e5r i uppdrag att ta fram och sprida utbildnings- och informationsmaterial och erbjuda utbildningsinsatser till bitr\u00e4dande jurister, advokater och kriminalv\u00e5rdspersonal. Detta i syfte att \u00f6ka kunskapen om barnets r\u00e4ttigheter och barns v\u00e5ldsutsatthet inklusive fokus p\u00e5 hedersrelaterat v\u00e5ld och f\u00f6rtryck.<\/p>\n<p>Uppsala universitet (Nationellt centrum f\u00f6r kvinnofrid) f\u00e5r samtidigt medel f\u00f6r att, tillsammans med J\u00e4mst\u00e4lldhetsmyndigheten, vidareutveckla en webbutbildning riktad till yrkesverksamma som m\u00f6ter v\u00e5ldsutsatta inom r\u00e4ttsv\u00e4sendet, f\u00f6r att f\u00f6rdjupa kunskapen om hedersrelaterat v\u00e5ld och f\u00f6rtryck. I uppdraget ing\u00e5r ocks\u00e5 att unders\u00f6ka f\u00f6ruts\u00e4ttningarna f\u00f6r att erbjuda m\u00e5lgruppsanpassade utbildningar till olika yrkesgrupper i r\u00e4ttsv\u00e4sendet.<\/p>\n<p>\u2013 M\u00e4ns v\u00e5ld mot kvinnor och hedersrelaterat v\u00e5ld och f\u00f6rtryck m\u00e5ste bek\u00e4mpas med samma kraft som den organiserade brottsligheten. Det \u00e4r d\u00e4rf\u00f6r prioriterat att r\u00e4ttsv\u00e4sendet har den kunskap som beh\u00f6vs f\u00f6r att utreda och lagf\u00f6ra den h\u00e4r typen av brott. Nu ser vi till att \u00f6ka kunskapen hos yrkesverksamma i r\u00e4ttsv\u00e4sendet, s\u00e4ger j\u00e4mst\u00e4lldhetsminister Nina Larsson.<\/p>\n<p>\u2013 Alla barn har r\u00e4tt till en trygg uppv\u00e4xt och en ljus framtid. Vi m\u00e5ste rusta r\u00e4ttsv\u00e4sendet och andra myndigheter med h\u00f6gre kompetens och de verktyg som beh\u00f6vs f\u00f6r att b\u00e4ttre skydda utsatta, s\u00e4rskilt barn och unga, fr\u00e5n hedersrelaterad brottslighet och kriminella milj\u00f6er, s\u00e4ger socialtj\u00e4nstminister Camilla Waltersson Gr\u00f6nvall.<\/p>\n<p>\u2013 Den som \u00e4r utsatt f\u00f6r hedersrelaterade brott m\u00e5ste kunna k\u00e4nna sig trygg med att f\u00e5 r\u00e4ttss\u00e4ker hj\u00e4lp. Kristdemokraterna och regeringen ser allvarligt p\u00e5 att dessa brott i mindre utstr\u00e4ckning klaras upp. Att \u00f6ka kunskapsniv\u00e5n och f\u00f6rst\u00e5elsen f\u00f6r offren \u00e4r d\u00e4rf\u00f6r oerh\u00f6rt viktig, s\u00e4ger Camilla Rinaldo Miller, j\u00e4mst\u00e4lldhetspolitisk talesperson f\u00f6r Kristdemokraterna.<\/p>\n<p>\u2013 F\u00f6r\u00f6vare som beg\u00e5r hedersrelaterade brott ska inte skyddas av okunskap i systemet. Med b\u00e4ttre kompetens i r\u00e4ttsv\u00e4sendet \u00f6kar vi m\u00f6jligheten till fler \u00e5tal och f\u00e4llande domar av detta fruktansv\u00e4rda brott, s\u00e4ger Henrik Vinge, ordf\u00f6rande i justitieutskottet f\u00f6r Sverigedemokraterna.<\/p>\n<p>\u00d6kad kunskap f\u00f6r att skydda barn fr\u00e5n kriminella g\u00e4ng<\/p>\n<p>Det finns stora utmaningar med att barn rekryteras till organiserad brottslighet och g\u00e4ngkriminalitet. Som ett steg i att motverka denna utveckling s\u00e5 har \u00e5tta myndigheter haft i uppdrag att utveckla samverkansstrukturen Bob &#8211; barn och unga i organiserad brottslighet &#8211; som verkar p\u00e5 nationell, regional och lokal niv\u00e5 i hela landet. J\u00e4mst\u00e4lldhetsmyndigheten f\u00e5r nu i uppdrag att bidra med sin kunskap om att f\u00f6rebygga m\u00e4ns v\u00e5ld mot kvinnor, v\u00e5ld i n\u00e4ra relationer och hedersrelaterat v\u00e5ld och f\u00f6rtryck i den s\u00e5 kallade bob-strukturen. Det kan exempelvis handla om kopplingar mellan att uts\u00e4ttas f\u00f6r hedersrelaterat v\u00e5ld och f\u00f6rtryck i barndomen och senare hamna i kriminalitet.<\/p>\n<p>\u00d6kad f\u00f6rm\u00e5ga att klara upp hedersrelaterade brott<\/p>\n<p>Hedersrelaterade brott klaras upp i mindre utstr\u00e4ckning \u00e4n andra brott som r\u00f6r m\u00e4ns v\u00e5ld mot kvinnor. \u00c5klagarmyndigheten f\u00e5r d\u00e4rf\u00f6r i uppdrag att kartl\u00e4gga varf\u00f6r s\u00e5 f\u00e5 \u00e5tal v\u00e4cks i hedersrelaterade \u00e4renden och varf\u00f6r de s\u00e4llan leder till f\u00e4llande domar. I uppdraget ing\u00e5r ocks\u00e5 att ge f\u00f6rslag p\u00e5 \u00e5tg\u00e4rder f\u00f6r att f\u00f6rb\u00e4ttra r\u00e4ttsv\u00e4sendets arbete mot hedersrelaterat v\u00e5ld och f\u00f6rtryck. Myndigheten ska ocks\u00e5 redovisa hur myndigheten har \u00f6kat sin operativa f\u00f6rm\u00e5ga i arbetet med att bek\u00e4mpa m\u00e4ns v\u00e5ld mot kvinnor, v\u00e5ld i n\u00e4ra relationer, hedersrelaterat v\u00e5ld och f\u00f6rtryck, brott mot barn samt bek\u00e4mpande av k\u00f6p av sexuell handling.<\/p>\n<p>\u00a0<\/p>\n","protected":false},"excerpt":{"rendered":"&#13; Regeringen forts\u00e4tter arbetet med att bek\u00e4mpa den hedersrelaterade brottsligheten med kraft. R\u00e4tten till ett liv fritt fr\u00e5n&hellip;\n","protected":false},"author":2,"featured_media":67452,"comment_status":"","ping_status":"","sticky":false,"template":"","format":"standard","meta":{"footnotes":""},"categories":[12],"tags":[22,23,26,27,17,21,24,25,28,29,15,16,18,34,31,33,32,30,19,20],"class_list":{"0":"post-113498","1":"post","2":"type-post","3":"status-publish","4":"format-standard","5":"has-post-thumbnail","7":"category-sverige","8":"tag-breaking-news","9":"tag-breakingnews","10":"tag-featured-news","11":"tag-featurednews","12":"tag-headlines","13":"tag-huvudnyheter","14":"tag-latest-news","15":"tag-latestnews","16":"tag-main-news","17":"tag-mainnews","18":"tag-news","19":"tag-nyheter","20":"tag-rubriker","21":"tag-se","22":"tag-svenska","23":"tag-sverige","24":"tag-sweden","25":"tag-swedish","26":"tag-top-stories","27":"tag-topstories"},"share_on_mastodon":{"url":"https:\/\/pubeurope.com\/@se\/115761838984415971","error":""},"_links":{"self":[{"href":"https:\/\/www.europesays.com\/se\/wp-json\/wp\/v2\/posts\/113498","targetHints":{"allow":["GET"]}}],"collection":[{"href":"https:\/\/www.europesays.com\/se\/wp-json\/wp\/v2\/posts"}],"about":[{"href":"https:\/\/www.europesays.com\/se\/wp-json\/wp\/v2\/types\/post"}],"author":[{"embeddable":true,"href":"https:\/\/www.europesays.com\/se\/wp-json\/wp\/v2\/users\/2"}],"replies":[{"embeddable":true,"href":"https:\/\/www.europesays.com\/se\/wp-json\/wp\/v2\/comments?post=113498"}],"version-history":[{"count":0,"href":"https:\/\/www.europesays.com\/se\/wp-json\/wp\/v2\/posts\/113498\/revisions"}],"wp:featuredmedia":[{"embeddable":true,"href":"https:\/\/www.europesays.com\/se\/wp-json\/wp\/v2\/media\/67452"}],"wp:attachment":[{"href":"https:\/\/www.europesays.com\/se\/wp-json\/wp\/v2\/media?parent=113498"}],"wp:term":[{"taxonomy":"category","embeddable":true,"href":"https:\/\/www.europesays.com\/se\/wp-json\/wp\/v2\/categories?post=113498"},{"taxonomy":"post_tag","embeddable":true,"href":"https:\/\/www.europesays.com\/se\/wp-json\/wp\/v2\/tags?post=113498"}],"curies":[{"name":"wp","href":"https:\/\/api.w.org\/{rel}","templated":true}]}}