{"id":113503,"date":"2025-12-22T06:43:13","date_gmt":"2025-12-22T06:43:13","guid":{"rendered":"https:\/\/www.europesays.com\/se\/113503\/"},"modified":"2025-12-22T06:43:13","modified_gmt":"2025-12-22T06:43:13","slug":"simona-mohamssons-kraftgang-fortsatter-lagst-fortroende-av-alla","status":"publish","type":"post","link":"https:\/\/www.europesays.com\/se\/113503\/","title":{"rendered":"Simona Mohamssons kr\u00e4ftg\u00e5ng forts\u00e4tter\u00a0\u2013\u00a0l\u00e4gst f\u00f6rtroende av alla"},"content":{"rendered":"<p><a data-test-tag=\"internal-link\" href=\"https:\/\/www.aftonbladet.se\/av\/victor-stenquist\" class=\"hyperion-css-13ns1rr\" rel=\"nofollow noopener\" target=\"\" aria-label=\"Se alla artiklar av Victor Stenquist\"><img decoding=\"async\" class=\"image-asset hyperion-css-n6kkq1\" data-test-tag=\"image-asset\" src=\"https:\/\/www.europesays.com\/se\/wp-content\/uploads\/2025\/12\/1766385791_816_d1112d47-d051-4d80-94bb-b8d7dbeb8f19\"  alt=\"\"  loading=\"lazy\" fetchpriority=\"auto\" style=\"aspect-ratio:1900 \/ 1900\"\/><\/a>share-arrowDela<\/p>\n<p>unsaveSpara<\/p>\n<p>expand-left<\/p>\n<p>helsk\u00e4rm<img decoding=\"async\" class=\"image-asset hyperion-css-u06ts1\" data-test-tag=\"image-asset\" src=\"https:\/\/www.europesays.com\/se\/wp-content\/uploads\/2025\/12\/fdecef1a-aa24-4fd8-a2ed-6efffdae49fa\"  alt=\"Simona Mohamsson, partiledare f\u00f6r Liberalerna. \"  loading=\"eager\" fetchpriority=\"high\" style=\"aspect-ratio:1900 \/ 1353\"\/>Simona Mohamsson, partiledare f\u00f6r Liberalerna. Foto: Anna T\u00e4rnhuvud<\/p>\n<p class=\"hyperion-css-1shl3oz\" data-test-tag=\"lead-text\">Det \u00e4r dan f\u00f6re dan f\u00f6re dan. <\/p>\n<p class=\"hyperion-css-1shl3oz\" data-test-tag=\"lead-text\">Men Simona Mohamssons form \u00e4r fortsatt halvdan \u2013\u00a0d\u00e4r f\u00f6rtroendesiffrorna \u00e4r fast p\u00e5 bottenniv\u00e5. <\/p>\n<p class=\"hyperion-css-1shl3oz\" data-test-tag=\"lead-text\">\u2013\u00a0Hon s\u00e4tter beklagliga rekord p\u00e5 flera s\u00e4tt, s\u00e4ger Johan Martinsson, opinionschef p\u00e5 Demoskop. <\/p>\n<ul class=\"hyperion-css-e9gx76\" data-test-tag=\"list\">\n<li class=\"hyperion-css-1d843yr\">Endast sex procent av v\u00e4ljarna har stort f\u00f6rtroende f\u00f6r Liberalernas ledare Simona Mohamsson, vilket \u00e4r rekordl\u00e5gt f\u00f6r en partiledare enligt Demoskops m\u00e4tning.  <\/li>\n<li class=\"hyperion-css-1d843yr\">Centerpartiets nya ledare Elisabeth Thand Ringqvist har \u00e4ven hon l\u00e5ga f\u00f6rtroendesiffror p\u00e5 tio procent, men detta anses vara normalt f\u00f6r nya partiledare.  <\/li>\n<li class=\"hyperion-css-1d843yr\">Johan Martinsson fr\u00e5n Demoskop menar att Liberalernas problem med l\u00e5gt f\u00f6rtroende fr\u00e4mst beror p\u00e5 partiets politik och inte p\u00e5 Mohamsson som person.  <\/li>\n<\/ul>\n<p>L\u00e4s mer<\/p>\n<p class=\"hyperion-css-1v9qo5x\">Aftonbladet\/Demoskops senaste m\u00e4tning \u00e4r ingen munter jull\u00e4sning f\u00f6r Liberalernas f\u00e4rska partiledare <a data-test-tag=\"internal-link\" href=\"https:\/\/www.aftonbladet.se\/tagg\/simona-mohamsson\" class=\"hyperion-css-15jkft9\" rel=\"nofollow noopener\" target=\"\" aria-label=\"Simona Mohamsson\">Simona Mohamsson<\/a>. <\/p>\n<p class=\"hyperion-css-1v9qo5x\">Hon har fortsatt sv\u00e5rt att vinna v\u00e4ljarnas f\u00f6rtroende, och bara sex procent av v\u00e4ljarna har mycket stort eller ganska stort f\u00f6rtroende f\u00f6r Mohamsson. Det \u00e4r lika f\u00e5 som i f\u00f6rra m\u00e5nadens m\u00e4tning. <\/p>\n<p class=\"hyperion-css-1v9qo5x\">\u2013\u00a0Daniel Helld\u00e9n gick visserligen ocks\u00e5 in p\u00e5 lika svaga f\u00f6rtroendesiffror, men ingen har haft l\u00e4gre \u00e4n hennes nuvarande sex procent stort f\u00f6rtroende, s\u00e4ger Johan Martinsson vid Demoskop. <\/p>\n<p>expand-left<\/p>\n<p>helsk\u00e4rm<img decoding=\"async\" class=\"image-asset hyperion-css-u06ts1\" data-test-tag=\"image-asset\" src=\"https:\/\/www.europesays.com\/se\/wp-content\/uploads\/2025\/12\/0dcd7b9d-2121-48b7-93b5-4812dd7a3d7d\"  alt=\"Elisabeth Thand Ringqvist g\u00e5r in p\u00e5 l\u00e5ga siffror, vilket inte \u00e4r ovanligt f\u00f6r en ny partiledare.\"  loading=\"eager\" fetchpriority=\"high\" style=\"aspect-ratio:1900 \/ 1425\"\/>Elisabeth Thand Ringqvist g\u00e5r in p\u00e5 l\u00e5ga siffror, vilket inte \u00e4r ovanligt f\u00f6r en ny partiledare. Foto: Lotte FernvallETR inte ovanligt l\u00e5g<\/p>\n<p class=\"hyperion-css-1v9qo5x\">Ny i m\u00e4tningen \u00e4r Centerpartiets <a data-test-tag=\"internal-link\" href=\"https:\/\/www.aftonbladet.se\/tagg\/elisabeth-thand-ringqvist\" class=\"hyperion-css-15jkft9\" rel=\"nofollow noopener\" target=\"\" aria-label=\"Elisabeth Thand Ringqvist\">Elisabeth Thand Ringqvist<\/a>. Hon g\u00e5r in p\u00e5 l\u00e5ga 10 procent, vilket dock inte \u00e4r ovanligt f\u00f6r en sprillans ny partiledare. <\/p>\n<p class=\"hyperion-css-1v9qo5x\">Hon placerar sig som n\u00e4st s\u00e4mst, men \u00e4r inte l\u00e5ngt efter sin f\u00f6retr\u00e4dare Anna-Karin Hatt som hade omkring 14\u201315 procent i slutet av sin period som partiledare, enligt Aftonbladet\/Demoskop. <\/p>\n<p class=\"hyperion-css-1v9qo5x\">\u2013\u00a0Det kan l\u00e5ta l\u00e5gt, men \u00e4r egentligen ingen konstig siffra alls f\u00f6r en ny partiledare f\u00f6r ett litet parti. Flera andra har b\u00f6rjat s\u00e5 pass l\u00e5ngt. Till och med Ebba Busch startade p\u00e5 omkring tio procent 2015. S\u00e5 det finns alla m\u00f6jligheter fortfarande att hon kan st\u00e4rka siffrorna fram\u00f6ver, s\u00e4ger Demoskops opinionschef. <\/p>\n<p>expand-left<\/p>\n<p>helsk\u00e4rm<img decoding=\"async\" class=\"image-asset hyperion-css-u06ts1\" data-test-tag=\"image-asset\" src=\"https:\/\/www.europesays.com\/se\/wp-content\/uploads\/2025\/12\/9c96f5d6-6156-4bd4-bc4c-a1a91cb894eb\"  alt=\"\"  loading=\"eager\" fetchpriority=\"high\" style=\"aspect-ratio:1200 \/ 3309\"\/><\/p>\n<p class=\"hyperion-css-1v9qo5x\">Tredje s\u00e4mst i statistiken \u00e4r Daniel Helld\u00e9n (MP) som \u00e4nd\u00e5 n\u00e5r upp till 14 procent i f\u00f6rtroendeligan. <\/p>\n<p class=\"hyperion-css-1v9qo5x\">Som l\u00f6k p\u00e5 laxen drar Mohamsson ifr\u00e5n n\u00e4r man ser till hur m\u00e5nga som har l\u00e5gt f\u00f6rtroende f\u00f6r henne \u2013\u00a0d\u00e4r hon n\u00e5r rekordh\u00f6ga 72 procent av v\u00e4ljarna. <\/p>\n<p class=\"hyperion-css-1v9qo5x\">Det ger henne med marginal en f\u00f6rstaplats i bottenlistan som f\u00f6ljs av Nooshi Dadgostar p\u00e5 64 procent. <\/p>\n<p>expand-left<\/p>\n<p>helsk\u00e4rm<img decoding=\"async\" class=\"image-asset hyperion-css-u06ts1\" data-test-tag=\"image-asset\" src=\"https:\/\/www.europesays.com\/se\/wp-content\/uploads\/2025\/12\/451fd189-4d7a-454b-8361-8c3756bf2391\"  alt=\"Nooshi Dadgostar ligger tv\u00e5a i bottenligan.\"  loading=\"eager\" fetchpriority=\"high\" style=\"aspect-ratio:1900 \/ 1163\"\/>Nooshi Dadgostar ligger tv\u00e5a i bottenligan. Foto: Fredrik Sandberg\/TTPolitiken p\u00e5verkar<\/p>\n<p class=\"hyperion-css-1v9qo5x\">Enligt Johan Martinsson \u00e4r det inte bara Mohamsson sj\u00e4lv som f\u00e5r kl\u00e4 skott f\u00f6r de mardr\u00f6mslika siffrorna. <\/p>\n<p class=\"hyperion-css-1v9qo5x\">\u2013\u00a0Antagligen \u00e4r det snarare Liberalernas politik och politiska position som sp\u00f6kar i grunden. Det handlar troligen inte alls om henne som person, utan mer om partiet, och m\u00f6jligen att hon inte har lyckats f\u00f6r\u00e4ndra partiet eller dess position p\u00e5 ett s\u00e4tt som inger mer f\u00f6rtroende. Men de har hamnat i ett v\u00e4ldigt sv\u00e5rt och l\u00e5st l\u00e4ge nu. Liberalerna tycks beh\u00f6va n\u00e5gon form av omstart, s\u00e4ger Martinsson. <\/p>\n<p>expand-left<\/p>\n<p>helsk\u00e4rm<img decoding=\"async\" class=\"image-asset hyperion-css-u06ts1\" data-test-tag=\"image-asset\" src=\"https:\/\/www.europesays.com\/se\/wp-content\/uploads\/2025\/12\/afe36024-adfb-4b34-9836-98ed8ae0334c\"  alt=\"\"  loading=\"eager\" fetchpriority=\"high\" style=\"aspect-ratio:1200 \/ 3336\"\/><\/p>\n<p class=\"hyperion-css-1v9qo5x\">Allra b\u00e4st g\u00e5r det fortsatt f\u00f6r oppositionsledaren Magdalena Andersson (S), d\u00e4r 44 procent av v\u00e4ljarna anser att de har mycket eller ganska stort f\u00f6rtroende f\u00f6r henne. <\/p>\n<p>expand-left<\/p>\n<p>helsk\u00e4rm<img decoding=\"async\" class=\"image-asset hyperion-css-u06ts1\" data-test-tag=\"image-asset\" src=\"https:\/\/www.europesays.com\/se\/wp-content\/uploads\/2025\/12\/a91c8ce3-c32d-4f49-881a-fd30a0389af6\"  alt=\"Magdalena Andersson kniper f\u00f6rstaplatsen i partiledartoppen.\"  loading=\"eager\" fetchpriority=\"high\" style=\"aspect-ratio:1900 \/ 1425\"\/>Magdalena Andersson kniper f\u00f6rstaplatsen i partiledartoppen. Foto: Lotte Fernvall <\/p>\n<p class=\"hyperion-css-1v9qo5x\">N\u00e5gon st\u00f6rre skada av skriverierna om AIP Media tycks hon inte ha tagit. <\/p>\n<p class=\"hyperion-css-1v9qo5x\">\u2013\u00a0Mediadiskussionen kring den h\u00e4ndelsen hanterades kanske inte j\u00e4ttebra av S faktiskt, men samtidigt vet vi att denna typ av skandaler eller kvasi-skandaler inte brukar p\u00e5verka v\u00e4ljare s\u00e4rskilt mycket egentligen, s\u00e4ger Johan Martinsson. <\/p>\n<p><img decoding=\"async\" class=\"image-asset hyperion-css-u06ts1\" data-test-tag=\"image-asset\" src=\"https:\/\/www.europesays.com\/se\/wp-content\/uploads\/2025\/12\/3e7a8bc0-28b0-46b4-851c-053a1aab49a9\"  alt=\"\"  loading=\"eager\" fetchpriority=\"high\" style=\"aspect-ratio:1436 \/ 168\"\/><\/p>\n","protected":false},"excerpt":{"rendered":"share-arrowDela unsaveSpara expand-left helsk\u00e4rmSimona Mohamsson, partiledare f\u00f6r Liberalerna. Foto: Anna T\u00e4rnhuvud Det \u00e4r dan f\u00f6re dan f\u00f6re dan.&hellip;\n","protected":false},"author":2,"featured_media":113504,"comment_status":"","ping_status":"","sticky":false,"template":"","format":"standard","meta":{"footnotes":""},"categories":[14],"tags":[22,23,26,27,17,21,24,25,28,29,15,16,18,34,31,33,32,30,19,20,51,52,53,54],"class_list":{"0":"post-113503","1":"post","2":"type-post","3":"status-publish","4":"format-standard","5":"has-post-thumbnail","7":"category-varlden","8":"tag-breaking-news","9":"tag-breakingnews","10":"tag-featured-news","11":"tag-featurednews","12":"tag-headlines","13":"tag-huvudnyheter","14":"tag-latest-news","15":"tag-latestnews","16":"tag-main-news","17":"tag-mainnews","18":"tag-news","19":"tag-nyheter","20":"tag-rubriker","21":"tag-se","22":"tag-svenska","23":"tag-sverige","24":"tag-sweden","25":"tag-swedish","26":"tag-top-stories","27":"tag-topstories","28":"tag-varlden","29":"tag-world","30":"tag-world-news","31":"tag-worldnews"},"share_on_mastodon":{"url":"https:\/\/pubeurope.com\/@se\/115761867265387877","error":""},"_links":{"self":[{"href":"https:\/\/www.europesays.com\/se\/wp-json\/wp\/v2\/posts\/113503","targetHints":{"allow":["GET"]}}],"collection":[{"href":"https:\/\/www.europesays.com\/se\/wp-json\/wp\/v2\/posts"}],"about":[{"href":"https:\/\/www.europesays.com\/se\/wp-json\/wp\/v2\/types\/post"}],"author":[{"embeddable":true,"href":"https:\/\/www.europesays.com\/se\/wp-json\/wp\/v2\/users\/2"}],"replies":[{"embeddable":true,"href":"https:\/\/www.europesays.com\/se\/wp-json\/wp\/v2\/comments?post=113503"}],"version-history":[{"count":0,"href":"https:\/\/www.europesays.com\/se\/wp-json\/wp\/v2\/posts\/113503\/revisions"}],"wp:featuredmedia":[{"embeddable":true,"href":"https:\/\/www.europesays.com\/se\/wp-json\/wp\/v2\/media\/113504"}],"wp:attachment":[{"href":"https:\/\/www.europesays.com\/se\/wp-json\/wp\/v2\/media?parent=113503"}],"wp:term":[{"taxonomy":"category","embeddable":true,"href":"https:\/\/www.europesays.com\/se\/wp-json\/wp\/v2\/categories?post=113503"},{"taxonomy":"post_tag","embeddable":true,"href":"https:\/\/www.europesays.com\/se\/wp-json\/wp\/v2\/tags?post=113503"}],"curies":[{"name":"wp","href":"https:\/\/api.w.org\/{rel}","templated":true}]}}