{"id":113505,"date":"2025-12-22T06:44:10","date_gmt":"2025-12-22T06:44:10","guid":{"rendered":"https:\/\/www.europesays.com\/se\/113505\/"},"modified":"2025-12-22T06:44:10","modified_gmt":"2025-12-22T06:44:10","slug":"upprustning-av-forsgatan-ger-okad-trafiksakerhet-i-nossebro","status":"publish","type":"post","link":"https:\/\/www.europesays.com\/se\/113505\/","title":{"rendered":"Upprustning av Forsgatan ger \u00f6kad trafiks\u00e4kerhet i Nossebro"},"content":{"rendered":"<p><a target=\"_blank\" href=\"https:\/\/press.essunga.se\/posts\/pressreleases\/upprustning-av-forsgatan-ger-okad-trafiksaker\" rel=\"nofollow noopener\"><img decoding=\"async\" class=\"image\" src=\"https:\/\/www.europesays.com\/se\/wp-content\/uploads\/2025\/12\/QLbDAh19SDiaD6cA6X1A.webp\" alt=\"\u00c5tg\u00e4rderna vid Forsgatan \u00f6kar trafiks\u00e4kerheten n\u00e4ra f\u00f6rskolorna och l\u00e4ngs str\u00e4ckan mot H\u00f6gsberget, samtidigt som b\u00e5de VA-system och gatubelysning har moderniserats.\"\/>\u00c5tg\u00e4rderna vid Forsgatan \u00f6kar trafiks\u00e4kerheten n\u00e4ra f\u00f6rskolorna och l\u00e4ngs str\u00e4ckan mot H\u00f6gsberget, samtidigt som b\u00e5de VA-system och gatubelysning har moderniserats.<\/a><\/p>\n<p><strong>Essunga kommun har under \u00e5ret genomf\u00f6rt en omfattande upprustning av Forsgatan i Nossebro.<\/strong><\/p>\n<p>\u00c5tg\u00e4rderna \u00f6kar trafiks\u00e4kerheten n\u00e4ra f\u00f6rskolorna och l\u00e4ngs str\u00e4ckan mot H\u00f6gsberget, samtidigt som b\u00e5de VA-system och gatubelysning har moderniserats.<\/p>\n<p>Projektet omfattar en ny separerad g\u00e5ng och cykelv\u00e4g som skapar en tryggare milj\u00f6 f\u00f6r barn och andra oskyddade trafikanter. Satsningen har genomf\u00f6rts i n\u00e4ra samverkan med Trafikverket och har f\u00e5tt beviljad medfinansiering p\u00e5 692 000 kronor. Den totala projektkostnaden uppg\u00e5r till 1,5 miljoner kronor, vilket inneb\u00e4r att n\u00e4stan h\u00e4lften av investeringen finansierats via statligt st\u00f6d.<\/p>\n<p>Samtidigt har VA-sanering utf\u00f6rts l\u00e4ngs str\u00e4ckan, d\u00e4r ventiler och brandposter har bytts ut f\u00f6r att s\u00e4kerst\u00e4lla en h\u00e5llbar och drifts\u00e4ker infrastruktur. Gatan har \u00e4ven f\u00e5tt ny LED-belysning som skapar en ljusare och tryggare milj\u00f6. VA-arbetet f\u00e4rdigst\u00e4lldes i juni och den nya asfalten lades i september.<\/p>\n<p>Arbetet har genomf\u00f6rts i kommunens egen regi tillsammans med entrepren\u00f6rer inom ramavtal. Uppl\u00e4gget har gjort det m\u00f6jligt att h\u00e5lla nere kostnaderna och genomf\u00f6ra projektet effektivt.<\/p>\n<p>\u2013 Det h\u00e4r \u00e4r ett arbetss\u00e4tt vi \u00e4r stolta \u00f6ver. Genom att g\u00f6ra delar av arbetet sj\u00e4lva och anv\u00e4nda v\u00e5ra ramavtal f\u00e5r vi ut mer av varje krona. Om vi hade lejt ut hela projektet hade det sannolikt blivit mellan 20 och 50 procent dyrare s\u00e4ger Bjarne Hurtig, enhetschef f\u00f6r gata, park och VA i Essunga kommun.<\/p>\n<p>Upprustningen har ocks\u00e5 inspirerat fastighets\u00e4gare l\u00e4ngs Forsgatan att f\u00f6rb\u00e4ttra sina tomter och entr\u00e9er, vilket bidrar till att hela omr\u00e5det lyfts.<\/p>\n<p>Upprustningen av Forsgatan \u00e4r en del i arbetet med att sy ihop v\u00e5rt GC-str\u00e5k i Nossebro, n\u00e4sta \u00e5rs projekt som planeras \u00e4r att f\u00e5 ihop Liljegatans GC-v\u00e4g med 2025 \u00e5rs utf\u00f6rda etapp.<\/p>\n<p><a target=\"_blank\" class=\"btn btn-green me-2 mt-1\" href=\"https:\/\/press.essunga.se\/posts\/pressreleases\/upprustning-av-forsgatan-ger-okad-trafiksaker\" rel=\"nofollow noopener\">Read post on Essunga kommun newsroom<\/a><a target=\"_blank\" class=\"btn btn-green mt-1\" href=\"https:\/\/press.essunga.se\" rel=\"nofollow noopener\">Visit Essunga kommun newsroom<\/a><\/p>\n","protected":false},"excerpt":{"rendered":"\u00c5tg\u00e4rderna vid Forsgatan \u00f6kar trafiks\u00e4kerheten n\u00e4ra f\u00f6rskolorna och l\u00e4ngs str\u00e4ckan mot H\u00f6gsberget, samtidigt som b\u00e5de VA-system och gatubelysning&hellip;\n","protected":false},"author":2,"featured_media":113506,"comment_status":"","ping_status":"","sticky":false,"template":"","format":"standard","meta":{"footnotes":""},"categories":[12],"tags":[22,23,26,27,17,21,24,25,28,29,15,16,18,34,31,33,32,30,19,20],"class_list":{"0":"post-113505","1":"post","2":"type-post","3":"status-publish","4":"format-standard","5":"has-post-thumbnail","7":"category-sverige","8":"tag-breaking-news","9":"tag-breakingnews","10":"tag-featured-news","11":"tag-featurednews","12":"tag-headlines","13":"tag-huvudnyheter","14":"tag-latest-news","15":"tag-latestnews","16":"tag-main-news","17":"tag-mainnews","18":"tag-news","19":"tag-nyheter","20":"tag-rubriker","21":"tag-se","22":"tag-svenska","23":"tag-sverige","24":"tag-sweden","25":"tag-swedish","26":"tag-top-stories","27":"tag-topstories"},"share_on_mastodon":{"url":"https:\/\/pubeurope.com\/@se\/115761870634540501","error":""},"_links":{"self":[{"href":"https:\/\/www.europesays.com\/se\/wp-json\/wp\/v2\/posts\/113505","targetHints":{"allow":["GET"]}}],"collection":[{"href":"https:\/\/www.europesays.com\/se\/wp-json\/wp\/v2\/posts"}],"about":[{"href":"https:\/\/www.europesays.com\/se\/wp-json\/wp\/v2\/types\/post"}],"author":[{"embeddable":true,"href":"https:\/\/www.europesays.com\/se\/wp-json\/wp\/v2\/users\/2"}],"replies":[{"embeddable":true,"href":"https:\/\/www.europesays.com\/se\/wp-json\/wp\/v2\/comments?post=113505"}],"version-history":[{"count":0,"href":"https:\/\/www.europesays.com\/se\/wp-json\/wp\/v2\/posts\/113505\/revisions"}],"wp:featuredmedia":[{"embeddable":true,"href":"https:\/\/www.europesays.com\/se\/wp-json\/wp\/v2\/media\/113506"}],"wp:attachment":[{"href":"https:\/\/www.europesays.com\/se\/wp-json\/wp\/v2\/media?parent=113505"}],"wp:term":[{"taxonomy":"category","embeddable":true,"href":"https:\/\/www.europesays.com\/se\/wp-json\/wp\/v2\/categories?post=113505"},{"taxonomy":"post_tag","embeddable":true,"href":"https:\/\/www.europesays.com\/se\/wp-json\/wp\/v2\/tags?post=113505"}],"curies":[{"name":"wp","href":"https:\/\/api.w.org\/{rel}","templated":true}]}}