{"id":113513,"date":"2025-12-22T06:51:07","date_gmt":"2025-12-22T06:51:07","guid":{"rendered":"https:\/\/www.europesays.com\/se\/113513\/"},"modified":"2025-12-22T06:51:07","modified_gmt":"2025-12-22T06:51:07","slug":"polisen-bondi-skyttarna-ovade-infor-dadet-vasterbottens-kuriren","status":"publish","type":"post","link":"https:\/\/www.europesays.com\/se\/113513\/","title":{"rendered":"Polisen: Bondi-skyttarna \u00f6vade inf\u00f6r d\u00e5det &#8211; V\u00e4sterbottens-Kuriren"},"content":{"rendered":"<ol>\n<li><a href=\"https:\/\/news.google.com\/rss\/articles\/CBMiggFBVV95cUxQbDJYM3FlT1FGaGVXWVNvMUdVRTdsZXVWa0xKVHFQazRGc2ZOS051YTNtWDZudWM4ODB3dXRNNDU3ZVNJV3ZPNWtBXzRqMUV6MHluRVl6YVlRMGN5WjY2ajYzNG5ycmhaTXlGQ1pVVERZaE9yRTVpdFRtNnk3TGZzRnh3?oc=5\" target=\"_blank\" rel=\"nofollow noopener\">Polisen: Bondi-skyttarna \u00f6vade inf\u00f6r d\u00e5det<\/a>&nbsp;&nbsp;V\u00e4sterbottens-Kuriren<\/li>\n<li><a href=\"https:\/\/news.google.com\/rss\/articles\/CBMiqwFBVV95cUxOY2ZxSEZlbW5LQ3JtT3N2TFVtV211bVkzWC14R2VJZS1yOFY2UmxsQWIxY0MyV3VpeU9xSkMwSjZ0RTdoM1loQWEydTZOeklCRks3T05NQXJDX0docDhvbDBfam1TZTlNYlFxSk12b29lbURkc05EcmZKU1kyWG9hX3pDamcyc1lYNzdyTmJyYThCYVE0WmlOYUozN1BBTmtodHJPMU91QXNYRW8?oc=5\" target=\"_blank\" rel=\"nofollow noopener\">Misstanken: Tr\u00e4nade i m\u00e5nader inf\u00f6r attack p\u00e5 Bondi Beach<\/a>&nbsp;&nbsp;Aftonbladet<\/li>\n<li><a href=\"https:\/\/news.google.com\/rss\/articles\/CBMikgFBVV95cUxQQUkyNUY5X01EYk9HcVBjclp5dkw4OFZSd2FISUpOMmlrdUdXT2h4ZVhEaHdEclU5eGFtUDZWeWFBZkMybGxBNXgySUlIb2pwWGRXQVRoamxaMlpuYWRsQ083SGZCY2xHUnV0bkZ6TGY5bmd1MDFtWExyb1NVMWU4NUZ5YVRvOFczQVBxcC1oY2FrZw?oc=5\" target=\"_blank\" rel=\"nofollow noopener\">Misst\u00e4nkta skyttarna ska ha kastat hemmagjorda bomber<\/a>&nbsp;&nbsp;SVT Nyheter<\/li>\n<li><a href=\"https:\/\/news.google.com\/rss\/articles\/CBMinwFBVV95cUxNblJKSENHMVozUUppMFFxbG43ZXV6OTk2d25YQnZDVzNLSmdGeHhKRkFjNTdIMEtIakhaMklIYkZUelIyRGdhSjVDMkFXNmI4ZlVFMFVjUEU3cUNmWTNBVnBqa3hwbVhNMFBVSzVpZU0wcnQ0Y2MwRFBSUzg1RjNPQmlaMVNveGlSaGxmOXlGZGhsTFJ0bkFWYTV1QUE1M28?oc=5\" target=\"_blank\" rel=\"nofollow noopener\">Nya dokument visar: Far och son tr\u00e4nade inf\u00f6r attacken \u2013 planerade i m\u00e5nader<\/a>&nbsp;&nbsp;Omni<\/li>\n<li><a href=\"https:\/\/news.google.com\/rss\/articles\/CBMilwFBVV95cUxPOE03NHc4ZlFack1uRkZTN1hNcTVIVTIzQUFHajdTdDhURFNFenFVeDRKY2diS0F3aHo1VVJTcF9tNzFENVBlLWtiR0ZtS19sVkhGNmFqRW9ENGlwa19sVHlrMmREQ1F6Y1RYOFdTcmRSNkJ3TVBsSEs1T2ZJbC16MlRJRE42cnhOZ2pSWFEtc2pXMUJwcnpB?oc=5\" target=\"_blank\" rel=\"nofollow noopener\">Fyrverkerier mot m\u00e4nniskor i Malm\u00f6<\/a>&nbsp;&nbsp;Expressen<\/li>\n<\/ol>\n","protected":false},"excerpt":{"rendered":"Polisen: Bondi-skyttarna \u00f6vade inf\u00f6r d\u00e5det&nbsp;&nbsp;V\u00e4sterbottens-Kuriren Misstanken: Tr\u00e4nade i m\u00e5nader inf\u00f6r attack p\u00e5 Bondi Beach&nbsp;&nbsp;Aftonbladet Misst\u00e4nkta skyttarna ska ha&hellip;\n","protected":false},"author":2,"featured_media":113441,"comment_status":"","ping_status":"","sticky":false,"template":"","format":"standard","meta":{"footnotes":""},"categories":[14],"tags":[22,23,26,27,17,21,24,25,28,29,15,16,18,34,31,33,32,30,19,20,51,52,53,54],"class_list":{"0":"post-113513","1":"post","2":"type-post","3":"status-publish","4":"format-standard","5":"has-post-thumbnail","7":"category-varlden","8":"tag-breaking-news","9":"tag-breakingnews","10":"tag-featured-news","11":"tag-featurednews","12":"tag-headlines","13":"tag-huvudnyheter","14":"tag-latest-news","15":"tag-latestnews","16":"tag-main-news","17":"tag-mainnews","18":"tag-news","19":"tag-nyheter","20":"tag-rubriker","21":"tag-se","22":"tag-svenska","23":"tag-sverige","24":"tag-sweden","25":"tag-swedish","26":"tag-top-stories","27":"tag-topstories","28":"tag-varlden","29":"tag-world","30":"tag-world-news","31":"tag-worldnews"},"share_on_mastodon":{"url":"https:\/\/pubeurope.com\/@se\/115761898031447158","error":""},"_links":{"self":[{"href":"https:\/\/www.europesays.com\/se\/wp-json\/wp\/v2\/posts\/113513","targetHints":{"allow":["GET"]}}],"collection":[{"href":"https:\/\/www.europesays.com\/se\/wp-json\/wp\/v2\/posts"}],"about":[{"href":"https:\/\/www.europesays.com\/se\/wp-json\/wp\/v2\/types\/post"}],"author":[{"embeddable":true,"href":"https:\/\/www.europesays.com\/se\/wp-json\/wp\/v2\/users\/2"}],"replies":[{"embeddable":true,"href":"https:\/\/www.europesays.com\/se\/wp-json\/wp\/v2\/comments?post=113513"}],"version-history":[{"count":0,"href":"https:\/\/www.europesays.com\/se\/wp-json\/wp\/v2\/posts\/113513\/revisions"}],"wp:featuredmedia":[{"embeddable":true,"href":"https:\/\/www.europesays.com\/se\/wp-json\/wp\/v2\/media\/113441"}],"wp:attachment":[{"href":"https:\/\/www.europesays.com\/se\/wp-json\/wp\/v2\/media?parent=113513"}],"wp:term":[{"taxonomy":"category","embeddable":true,"href":"https:\/\/www.europesays.com\/se\/wp-json\/wp\/v2\/categories?post=113513"},{"taxonomy":"post_tag","embeddable":true,"href":"https:\/\/www.europesays.com\/se\/wp-json\/wp\/v2\/tags?post=113513"}],"curies":[{"name":"wp","href":"https:\/\/api.w.org\/{rel}","templated":true}]}}