{"id":113514,"date":"2025-12-22T06:52:12","date_gmt":"2025-12-22T06:52:12","guid":{"rendered":"https:\/\/www.europesays.com\/se\/113514\/"},"modified":"2025-12-22T06:52:12","modified_gmt":"2025-12-22T06:52:12","slug":"22-december-07-45-sammanfattning-natt-vasterbottens-lan-polisen-se","status":"publish","type":"post","link":"https:\/\/www.europesays.com\/se\/113514\/","title":{"rendered":"22 december 07.45, Sammanfattning natt, V\u00e4sterbottens l\u00e4n &#8211; polisen.se"},"content":{"rendered":"<ol>\n<li><a href=\"https:\/\/news.google.com\/rss\/articles\/CBMisAFBVV95cUxPNmQ5UkJYR2d1UWxxak1KaUx0cktRanBUQVlDUFMtbXJvV2RTS1ZOc2diaW1hNUpHbXhIRXR1Vk5ka1JGUnhMQk8zVnMxTDUxX2lBMGRiZnZLNEgwdWJneC1xdzBSMHlzajVub1NVZUZhUXN3cHNFWDFpaDRYX3FQQjRPZTk4d1JOR1Y3cVZTalJvWlJ2OW53NGF1cW5CazlXdUhHcFppVHNQYVpBV3ZDRw?oc=5\" target=\"_blank\" rel=\"nofollow noopener\">22 december 07.45, Sammanfattning natt, V\u00e4sterbottens l\u00e4n<\/a>&nbsp;&nbsp;polisen.se<\/li>\n<li><a href=\"https:\/\/news.google.com\/rss\/articles\/CBMiogFBVV95cUxQNm5ldUZISlJHVjAta2hYb2VoVlhpZkM5R3lwQVpOMVZQdV9XVVZDb0dQV3J0RXh1dV9IWUY3czJ0bDdwTVNPZ2U0OWJGUXNZZGxCNkRLUlU0U2tqOV9PMHFrZ05xcVAzWHNVV2Y4VmFPc05YMm5vSVdoSnZzN2hkT01JU1VLZjZ2WFJFUHVlTmt0blh0TFlsZ3dZdUpWaTk0OXc?oc=5\" target=\"_blank\" rel=\"nofollow noopener\">Polisen varnar: Ovanligt m\u00e5nga viltolyckor i norr<\/a>&nbsp;&nbsp;Pite\u00e5-Tidningen<\/li>\n<li><a href=\"https:\/\/news.google.com\/rss\/articles\/CBMid0FVX3lxTE92QTB6T0ZyTFdGWGFUbEtsRkEwQ1JuVDM3Tmx4Y2lNWlc4MEE5NWJOZWhQbUUyYkdxNHhvbTF3bnFtS0xiN2RMTlpyTlVUQ2VmcDU0Ym0ybHptam5qeGVUSHVmenp5SldKaG1xSGRiclNXZHpkcHpj?oc=5\" target=\"_blank\" rel=\"nofollow noopener\">Polisen: 31 (!) larm om olyckor under tisdagen<\/a>&nbsp;&nbsp;V\u00e4sterbottens-Kuriren<\/li>\n<li><a href=\"https:\/\/news.google.com\/rss\/articles\/CBMiW0FVX3lxTE0zNnk4WGVhT2xsUGNPUVA5NTBGQWY4dm5GNWpsb29mRHlHQm0zUWNXdjF5NFhWMXdTbHBnNlpzTHEzTnZwTXdyY1R1N1Fudy1wZE9hUTdnRzg0Ums?oc=5\" target=\"_blank\" rel=\"nofollow noopener\">Varning f\u00f6r renar<\/a>&nbsp;&nbsp;\u00d6stersunds-Posten<\/li>\n<li><a href=\"https:\/\/news.google.com\/rss\/articles\/CBMiiAFBVV95cUxPTEhaUDQxTkdhYnBjWjFjX2Q0N3RfMDRvbnY2cno3QlNJVmNhanBIdzN5WnpwYjVHTm1vR1kxbnJVM25hQ0Q4bnh1MFlteGlGMTE1YzNQUEVtdDBOWkRyR3pNeXNMVEdXRF9pbWpoS3huWWo5UktQYUJXOGNjdG1QUnNVSGc2SFVs?oc=5\" target=\"_blank\" rel=\"nofollow noopener\">Ovanligt m\u00e5nga viltolyckor i V\u00e4sterbottens l\u00e4n<\/a>&nbsp;&nbsp;SVT Nyheter<\/li>\n<\/ol>\n","protected":false},"excerpt":{"rendered":"22 december 07.45, Sammanfattning natt, V\u00e4sterbottens l\u00e4n&nbsp;&nbsp;polisen.se Polisen varnar: Ovanligt m\u00e5nga viltolyckor i norr&nbsp;&nbsp;Pite\u00e5-Tidningen Polisen: 31 (!) larm&hellip;\n","protected":false},"author":2,"featured_media":54,"comment_status":"","ping_status":"","sticky":false,"template":"","format":"standard","meta":{"footnotes":""},"categories":[12],"tags":[22,23,26,27,17,21,24,25,28,29,15,16,18,34,31,33,32,30,19,20],"class_list":{"0":"post-113514","1":"post","2":"type-post","3":"status-publish","4":"format-standard","5":"has-post-thumbnail","7":"category-sverige","8":"tag-breaking-news","9":"tag-breakingnews","10":"tag-featured-news","11":"tag-featurednews","12":"tag-headlines","13":"tag-huvudnyheter","14":"tag-latest-news","15":"tag-latestnews","16":"tag-main-news","17":"tag-mainnews","18":"tag-news","19":"tag-nyheter","20":"tag-rubriker","21":"tag-se","22":"tag-svenska","23":"tag-sverige","24":"tag-sweden","25":"tag-swedish","26":"tag-top-stories","27":"tag-topstories"},"share_on_mastodon":{"url":"https:\/\/pubeurope.com\/@se\/115761901938813135","error":""},"_links":{"self":[{"href":"https:\/\/www.europesays.com\/se\/wp-json\/wp\/v2\/posts\/113514","targetHints":{"allow":["GET"]}}],"collection":[{"href":"https:\/\/www.europesays.com\/se\/wp-json\/wp\/v2\/posts"}],"about":[{"href":"https:\/\/www.europesays.com\/se\/wp-json\/wp\/v2\/types\/post"}],"author":[{"embeddable":true,"href":"https:\/\/www.europesays.com\/se\/wp-json\/wp\/v2\/users\/2"}],"replies":[{"embeddable":true,"href":"https:\/\/www.europesays.com\/se\/wp-json\/wp\/v2\/comments?post=113514"}],"version-history":[{"count":0,"href":"https:\/\/www.europesays.com\/se\/wp-json\/wp\/v2\/posts\/113514\/revisions"}],"wp:featuredmedia":[{"embeddable":true,"href":"https:\/\/www.europesays.com\/se\/wp-json\/wp\/v2\/media\/54"}],"wp:attachment":[{"href":"https:\/\/www.europesays.com\/se\/wp-json\/wp\/v2\/media?parent=113514"}],"wp:term":[{"taxonomy":"category","embeddable":true,"href":"https:\/\/www.europesays.com\/se\/wp-json\/wp\/v2\/categories?post=113514"},{"taxonomy":"post_tag","embeddable":true,"href":"https:\/\/www.europesays.com\/se\/wp-json\/wp\/v2\/tags?post=113514"}],"curies":[{"name":"wp","href":"https:\/\/api.w.org\/{rel}","templated":true}]}}