{"id":113515,"date":"2025-12-22T06:56:18","date_gmt":"2025-12-22T06:56:18","guid":{"rendered":"https:\/\/www.europesays.com\/se\/113515\/"},"modified":"2025-12-22T06:56:18","modified_gmt":"2025-12-22T06:56:18","slug":"komiker-forsvarar-sig-efter-saudi-festival-slapp-iden","status":"publish","type":"post","link":"https:\/\/www.europesays.com\/se\/113515\/","title":{"rendered":"Komiker f\u00f6rsvarar sig efter Saudi-festival: Sl\u00e4pp id\u00e9n"},"content":{"rendered":"<p>\u201dTranssk\u00e4mt gick hem v\u00e4ldigt bra i Saudiarabien\u201d, s\u00e4ger Dave Chappelle efter kritiken mot \u201dRiyadh comedy festival\u201d. I den nya Netflix-specialen \u201dUnstoppable\u201d s\u00e4ger han att det var \u201dl\u00e4ttare att prata d\u00e4r \u00e4n i USA\u201d, skriver TT.<\/p>\n<p>\u00c4ven Jimmy Carr har nyligen bem\u00f6tt kritiken.<\/p>\n<p>\u2013 Jag tror att vi m\u00e5ste sl\u00e4ppa id\u00e9n om att Mellan\u00f6stern ska bli V\u00e4steuropa. Mellan\u00f6stern \u00e4r en helt annan plats, s\u00e4ger han n\u00e4r han i veckan g\u00e4stade \u201dThe Louis Theroux Podcast\u201d.<\/p>\n<p>Det var i september som 50 av v\u00e4rldens st\u00f6rsta komiker upptr\u00e4dde p\u00e5 \u201dRiyadh comedy festival\u201d som arrangerades av Saudiarabiens regim. Festivalen m\u00f6ttes av h\u00e5rd kritik fr\u00e5n andra komiker och m\u00e4nniskor\u00e4ttsorganisationer som menade att det r\u00f6rde sig om \u201dcomedy washing\u201d.<\/p>\n<p>Omni \u00e4r politiskt obundna och oberoende. Vi str\u00e4var efter att ge fler perspektiv p\u00e5 nyheterna. Har du fr\u00e5gor eller synpunkter kring v\u00e5r rapportering? <a href=\"https:\/\/omni.se\/komiker-forsvarar-sig-efter-saudi-festival-slapp-iden\/a\/mailto:redaktion@omni.se\" class=\"ArticleActions_contactLink__W2F1M\" rel=\"nofollow noopener\" target=\"_blank\">Kontakta redaktionen<\/a><\/p>\n","protected":false},"excerpt":{"rendered":"\u201dTranssk\u00e4mt gick hem v\u00e4ldigt bra i Saudiarabien\u201d, s\u00e4ger Dave Chappelle efter kritiken mot \u201dRiyadh comedy festival\u201d. I den&hellip;\n","protected":false},"author":2,"featured_media":113516,"comment_status":"","ping_status":"","sticky":false,"template":"","format":"standard","meta":{"footnotes":""},"categories":[67],"tags":[12399,104,124,1740,34,31,33,32,30,105],"class_list":{"0":"post-113515","1":"post","2":"type-post","3":"status-publish","4":"format-standard","5":"has-post-thumbnail","7":"category-underhallning","8":"tag-dave-chappelle","9":"tag-entertainment","10":"tag-mellanostern","11":"tag-saudiarabien","12":"tag-se","13":"tag-svenska","14":"tag-sverige","15":"tag-sweden","16":"tag-swedish","17":"tag-underhallning"},"share_on_mastodon":{"url":"https:\/\/pubeurope.com\/@se\/115761917680433039","error":""},"_links":{"self":[{"href":"https:\/\/www.europesays.com\/se\/wp-json\/wp\/v2\/posts\/113515","targetHints":{"allow":["GET"]}}],"collection":[{"href":"https:\/\/www.europesays.com\/se\/wp-json\/wp\/v2\/posts"}],"about":[{"href":"https:\/\/www.europesays.com\/se\/wp-json\/wp\/v2\/types\/post"}],"author":[{"embeddable":true,"href":"https:\/\/www.europesays.com\/se\/wp-json\/wp\/v2\/users\/2"}],"replies":[{"embeddable":true,"href":"https:\/\/www.europesays.com\/se\/wp-json\/wp\/v2\/comments?post=113515"}],"version-history":[{"count":0,"href":"https:\/\/www.europesays.com\/se\/wp-json\/wp\/v2\/posts\/113515\/revisions"}],"wp:featuredmedia":[{"embeddable":true,"href":"https:\/\/www.europesays.com\/se\/wp-json\/wp\/v2\/media\/113516"}],"wp:attachment":[{"href":"https:\/\/www.europesays.com\/se\/wp-json\/wp\/v2\/media?parent=113515"}],"wp:term":[{"taxonomy":"category","embeddable":true,"href":"https:\/\/www.europesays.com\/se\/wp-json\/wp\/v2\/categories?post=113515"},{"taxonomy":"post_tag","embeddable":true,"href":"https:\/\/www.europesays.com\/se\/wp-json\/wp\/v2\/tags?post=113515"}],"curies":[{"name":"wp","href":"https:\/\/api.w.org\/{rel}","templated":true}]}}