{"id":113520,"date":"2025-12-22T07:00:13","date_gmt":"2025-12-22T07:00:13","guid":{"rendered":"https:\/\/www.europesays.com\/se\/113520\/"},"modified":"2025-12-22T07:00:13","modified_gmt":"2025-12-22T07:00:13","slug":"aldreboende-i-bergholmsbacken-far-vintertradgard","status":"publish","type":"post","link":"https:\/\/www.europesays.com\/se\/113520\/","title":{"rendered":"\u00c4ldreboende i Bergholmsbacken f\u00e5r vintertr\u00e4dg\u00e5rd"},"content":{"rendered":"<p class=\"ort\">Bagarmossen\/Enskededalen<\/p>\n<p class=\"text\">Den som bes\u00f6kt en matbutik de senaste \u00e5ren har sett det. Inflationen allts\u00e5. Samma fenomen har f\u00e5tt byggkostnaderna att \u00f6ka. <\/p>\n<p class=\"text\">Det g\u00f6r att bygget av det nya v\u00e5rd- och omsorgsboendet i Bergholmsbacken blir klart dyrare \u00e4n n\u00e4r inriktningsbeslutet f\u00f6r boendet klubbades 2020. D\u00e5 ber\u00e4knades bygget kosta 213 miljoner kronor och ge en \u00e5rshyra p\u00e5 16,5 miljoner kronor. <\/p>\n<p class=\"text\">I december 2025 var det dags f\u00f6r genomf\u00f6randebeslut i Skarpn\u00e4cks stadsdelsn\u00e4mnd. Ovanp\u00e5 de \u00f6kade byggkostnaderna ligger ocks\u00e5 r\u00e4ntan h\u00f6gre. Nu finns en ny prognos som visar att \u00e5rshyran ber\u00e4knas \u00f6ka till 28 miljoner kronor. <\/p>\n<p class=\"citat\">Planeras en vintertr\u00e4dg\u00e5rd<\/p>\n<p>Behovet: 38 \u00e4ldreboenden<\/p>\n<p class=\"text\">Enligt stadsdelsn\u00e4mndens ordf\u00f6rande Cecilia Oberm\u00fcller (MP) \u00e4r kostnaden n\u00e5got man beh\u00f6ver acceptera.<\/p>\n<p class=\"text\">\u2013 Det \u00e4r bara att konstatera att vi kommer att beh\u00f6va m\u00e5nga nya v\u00e5rd- och omsorgsboenden i Stockholms stad. Antalet \u00e4ldre \u00f6ver 80 \u00e5r \u00f6kar kraftigt. Vi kan inte backa fr\u00e5n att bygga, s\u00e4ger hon.<\/p>\n<p class=\"text\">Fram till 2040 ber\u00e4knas behovet vara 3 000 nya platser. Det motsvarar cirka 38 nya boenden.  Bergholmsbacken som ska vara f\u00e4rdigt i slutet av 2029 bidrar med 80 platser. Ut\u00f6ver l\u00e4genheterna som ut\u00f6kats fr\u00e5n tidigare 72 ska Bergholmsbacken f\u00e5 dagverksamhet samt tr\u00e4ffpunkt f\u00f6r \u00e4ldre. Dessa ska ligga i markplan och h\u00e4r planeras ocks\u00e5 n\u00e5got som Oberm\u00fcller gl\u00e4ds \u00f6ver. <\/p>\n<p class=\"text\">\u2013\u00a0Enligt ritningen planeras en vintertr\u00e4dg\u00e5rd. Det tycker jag k\u00e4nns oerh\u00f6rt sympatiskt. <\/p>\n<p><img decoding=\"async\" class=\"Image Image_\" src=\"\" data-aghref=\"http:\/\/www.mitti.se\/image-3.321917.269948.20251222064801.07b617bdf5\" data-agimagetype=\"hardcrop\" alt=\"Cecilia Oberm\u00fcller (MP).\"\/><\/p>\n<p class=\"Caption\">Cecilia Oberm\u00fcller (MP).<\/p>\n<p class=\"Source\">Angie Gray<\/p>\n<p>Hoppas p\u00e5 k\u00f6k<\/p>\n<p class=\"text\">Samtidigt ser Hemmet f\u00f6r gamla i Enskededalen ut att bli kvar. I somras ber\u00e4ttade Mitt i att staden \u00f6ppnar f\u00f6r att beh\u00e5lla Hemmet f\u00f6r gamla som v\u00e5rd- och omsorgsboende. De tankarna har styrkts sedan dess. <\/p>\n<p class=\"text\">\u2013\u00a0Det kommer att beh\u00f6vas. Sedan f\u00e5r vi se hur vi g\u00e5r vidare med eventuell utbyggnad, renovering och ombyggnation. <\/p>\n<p><img decoding=\"async\" class=\"Image Image_\" src=\"\" data-aghref=\"http:\/\/www.mitti.se\/image-3.307600.269948.20251222064801.d816d0fe51\" data-agimagetype=\"hardcrop\" alt=\"Hemmet f\u00f6r gamla i Enskededalen.\"\/><\/p>\n<p class=\"Caption\">Hemmet f\u00f6r gamla i Enskededalen.<\/p>\n<p class=\"Source\">Angie Gray<\/p>\n<p class=\"text\">Cecilia Oberm\u00fcller p\u00e5talar att Bergholmsbacken inte kommer att ha n\u00e5got tillagningsk\u00f6k. Det har heller inte Hemmet f\u00f6r gamla. I dag kommer maten fr\u00e5n en leverant\u00f6r och v\u00e4rms upp.<\/p>\n<p class=\"text\">\u2013 Maten \u00e4r bland det viktigaste n\u00e4r man \u00e4r \u00e4ldre och inte s\u00e5 mobil. Fr\u00e5n den politiska majoritetens sida t\u00e4nker vi att man skulle kunna utreda om det g\u00e5r att g\u00f6ra ett tillagningsk\u00f6k vid Hemmet f\u00f6r gamla. Fr\u00e5n f\u00f6rvaltningens sida har man ocks\u00e5 n\u00e4mnt id\u00e9n om en restaurang \u00f6ppen f\u00f6r allm\u00e4nheten. <\/p>\n<p class=\"faktarubrik\">De \u00e4ldre blir fler<\/p>\n<p class=\"fakta\">S\u00e5 h\u00e4r ber\u00e4knas \u00e5ldersgrupperna i Hammarby-Skarpn\u00e4ck v\u00e4xa.<\/p>\n<p class=\"fakta\">66 \u2013 79 \u00e5r<\/p>\n<p class=\"fakta\">2024: 5 166<\/p>\n<p class=\"fakta\">2034: 6 584<\/p>\n<p class=\"fakta\">80 \u2013 89 \u00e5r<\/p>\n<p class=\"fakta\">2024: 1 210<\/p>\n<p class=\"fakta\">2034: 2 164<\/p>\n<p class=\"fakta\">90 \u00e5r och \u00e4ldre<\/p>\n<p class=\"fakta\">2024: 272<\/p>\n<p class=\"fakta\">2034: 411<\/p>\n<p class=\"faktakalla\">K\u00e4lla: Stockholms stad<\/p>\n","protected":false},"excerpt":{"rendered":"Bagarmossen\/Enskededalen Den som bes\u00f6kt en matbutik de senaste \u00e5ren har sett det. Inflationen allts\u00e5. Samma fenomen har f\u00e5tt&hellip;\n","protected":false},"author":2,"featured_media":113521,"comment_status":"","ping_status":"","sticky":false,"template":"","format":"standard","meta":{"footnotes":""},"categories":[12],"tags":[22,23,26,27,17,21,24,25,28,29,15,16,18,34,31,33,32,30,19,20],"class_list":{"0":"post-113520","1":"post","2":"type-post","3":"status-publish","4":"format-standard","5":"has-post-thumbnail","7":"category-sverige","8":"tag-breaking-news","9":"tag-breakingnews","10":"tag-featured-news","11":"tag-featurednews","12":"tag-headlines","13":"tag-huvudnyheter","14":"tag-latest-news","15":"tag-latestnews","16":"tag-main-news","17":"tag-mainnews","18":"tag-news","19":"tag-nyheter","20":"tag-rubriker","21":"tag-se","22":"tag-svenska","23":"tag-sverige","24":"tag-sweden","25":"tag-swedish","26":"tag-top-stories","27":"tag-topstories"},"share_on_mastodon":{"url":"https:\/\/pubeurope.com\/@se\/115761933415207596","error":""},"_links":{"self":[{"href":"https:\/\/www.europesays.com\/se\/wp-json\/wp\/v2\/posts\/113520","targetHints":{"allow":["GET"]}}],"collection":[{"href":"https:\/\/www.europesays.com\/se\/wp-json\/wp\/v2\/posts"}],"about":[{"href":"https:\/\/www.europesays.com\/se\/wp-json\/wp\/v2\/types\/post"}],"author":[{"embeddable":true,"href":"https:\/\/www.europesays.com\/se\/wp-json\/wp\/v2\/users\/2"}],"replies":[{"embeddable":true,"href":"https:\/\/www.europesays.com\/se\/wp-json\/wp\/v2\/comments?post=113520"}],"version-history":[{"count":0,"href":"https:\/\/www.europesays.com\/se\/wp-json\/wp\/v2\/posts\/113520\/revisions"}],"wp:featuredmedia":[{"embeddable":true,"href":"https:\/\/www.europesays.com\/se\/wp-json\/wp\/v2\/media\/113521"}],"wp:attachment":[{"href":"https:\/\/www.europesays.com\/se\/wp-json\/wp\/v2\/media?parent=113520"}],"wp:term":[{"taxonomy":"category","embeddable":true,"href":"https:\/\/www.europesays.com\/se\/wp-json\/wp\/v2\/categories?post=113520"},{"taxonomy":"post_tag","embeddable":true,"href":"https:\/\/www.europesays.com\/se\/wp-json\/wp\/v2\/tags?post=113520"}],"curies":[{"name":"wp","href":"https:\/\/api.w.org\/{rel}","templated":true}]}}