{"id":113551,"date":"2025-12-22T07:43:07","date_gmt":"2025-12-22T07:43:07","guid":{"rendered":"https:\/\/www.europesays.com\/se\/113551\/"},"modified":"2025-12-22T07:43:07","modified_gmt":"2025-12-22T07:43:07","slug":"rysk-general-dod-i-bilexplosion-i-moskva","status":"publish","type":"post","link":"https:\/\/www.europesays.com\/se\/113551\/","title":{"rendered":"Rysk general d\u00f6d i bilexplosion i Moskva"},"content":{"rendered":"<p>Publicerad 22 dec 2025 kl 08.04Uppdaterad kl 08.22<\/p>\n<p>En h\u00f6gt uppsatt rysk general har d\u00f6dats efter att en bil exploderat i Moskva, rapporterar ryska medier.\u00a0<\/p>\n<p>Utredarna misst\u00e4nker att en bomb placerats under generalens bil \u2013 och pekar ut Ukraina. \u00a0<\/p>\n<p>Senaste nyhetsklippen fr\u00e5n Expressen.<img   alt=\"\"\/><\/p>\n<p>En bil har exploderat i Moskva p\u00e5 m\u00e5ndagsmorgonen.<\/p>\n<p>Foto: Sociala medier<\/p>\n<p>\u00d6ppna bild i helsk\u00e4rm<img loading=\"lazy\"   alt=\"\"\/><\/p>\n<p>Fanil Sarvarov uppges ha blivit d\u00f6dad i d\u00e5det.<\/p>\n<p>Foto: Sociala medier<\/p>\n<p>\u00d6ppna bild i helsk\u00e4rm<\/p>\n<p>Generalen, Fanil Sarvarov, var p\u00e5 v\u00e4g till jobbet n\u00e4r bilen exploderade. Han uppges vara d\u00f6d, skriver Reuters med h\u00e4nvisning till ryska utredare.\u00a0<\/p>\n<p>En bomb ska ha f\u00e4sts under hans bil, enligt ryska myndigheter. Det \u00e4r oklart vem som satt den d\u00e4r. Men utredarna misst\u00e4nker att Ukraina kan ligga bakom.<\/p>\n<p>\u2013 Utredarna f\u00f6ljer flera olika sp\u00e5r i mordutredningen. Ett av dessa \u00e4r att brottet orkestrerades av ukrainska underr\u00e4ttelsetj\u00e4nsten, s\u00e4ger utredaren Svetalana Petrenko enligt AP.\u00a0<\/p>\n<p>Explosionen \u00e4gde rum p\u00e5 en parkeringsplats i utkanten av <a href=\"https:\/\/www.expressen.se\/tagg\/location\/moskva\/\" class=\"\" rel=\"nofollow noopener\" target=\"_blank\">Moskva<\/a> tidigt p\u00e5 m\u00e5ndagsmorgonen.\u00a0<\/p>\n<p>Tr\u00e4nar milit\u00e4ren<\/p>\n<p>Sarvarov \u00e4r chef f\u00f6r den operativa utbildningsavdelningen vid det ryska f\u00f6rsvarsdepartementet. Det inneb\u00e4r att han \u00e4r ansvarig f\u00f6r att utbilda och tr\u00e4na ryska milit\u00e4rer.\u00a0<\/p>\n<p>Ingen annan verkar ha skadats av explosionen.\u00a0<\/p>\n","protected":false},"excerpt":{"rendered":"Publicerad 22 dec 2025 kl 08.04Uppdaterad kl 08.22 En h\u00f6gt uppsatt rysk general har d\u00f6dats efter att en&hellip;\n","protected":false},"author":2,"featured_media":113552,"comment_status":"","ping_status":"","sticky":false,"template":"","format":"standard","meta":{"footnotes":""},"categories":[14],"tags":[22,23,26,27,17,21,24,25,4565,28,29,15,16,18,34,55,31,33,32,30,19,20,51,52,53,54],"class_list":{"0":"post-113551","1":"post","2":"type-post","3":"status-publish","4":"format-standard","5":"has-post-thumbnail","7":"category-varlden","8":"tag-breaking-news","9":"tag-breakingnews","10":"tag-featured-news","11":"tag-featurednews","12":"tag-headlines","13":"tag-huvudnyheter","14":"tag-latest-news","15":"tag-latestnews","16":"tag-location-moskva","17":"tag-main-news","18":"tag-mainnews","19":"tag-news","20":"tag-nyheter","21":"tag-rubriker","22":"tag-se","23":"tag-sections-varlden","24":"tag-svenska","25":"tag-sverige","26":"tag-sweden","27":"tag-swedish","28":"tag-top-stories","29":"tag-topstories","30":"tag-varlden","31":"tag-world","32":"tag-world-news","33":"tag-worldnews"},"share_on_mastodon":{"url":"https:\/\/pubeurope.com\/@se\/115762102507043545","error":""},"_links":{"self":[{"href":"https:\/\/www.europesays.com\/se\/wp-json\/wp\/v2\/posts\/113551","targetHints":{"allow":["GET"]}}],"collection":[{"href":"https:\/\/www.europesays.com\/se\/wp-json\/wp\/v2\/posts"}],"about":[{"href":"https:\/\/www.europesays.com\/se\/wp-json\/wp\/v2\/types\/post"}],"author":[{"embeddable":true,"href":"https:\/\/www.europesays.com\/se\/wp-json\/wp\/v2\/users\/2"}],"replies":[{"embeddable":true,"href":"https:\/\/www.europesays.com\/se\/wp-json\/wp\/v2\/comments?post=113551"}],"version-history":[{"count":0,"href":"https:\/\/www.europesays.com\/se\/wp-json\/wp\/v2\/posts\/113551\/revisions"}],"wp:featuredmedia":[{"embeddable":true,"href":"https:\/\/www.europesays.com\/se\/wp-json\/wp\/v2\/media\/113552"}],"wp:attachment":[{"href":"https:\/\/www.europesays.com\/se\/wp-json\/wp\/v2\/media?parent=113551"}],"wp:term":[{"taxonomy":"category","embeddable":true,"href":"https:\/\/www.europesays.com\/se\/wp-json\/wp\/v2\/categories?post=113551"},{"taxonomy":"post_tag","embeddable":true,"href":"https:\/\/www.europesays.com\/se\/wp-json\/wp\/v2\/tags?post=113551"}],"curies":[{"name":"wp","href":"https:\/\/api.w.org\/{rel}","templated":true}]}}