{"id":113555,"date":"2025-12-22T07:45:13","date_gmt":"2025-12-22T07:45:13","guid":{"rendered":"https:\/\/www.europesays.com\/se\/113555\/"},"modified":"2025-12-22T07:45:13","modified_gmt":"2025-12-22T07:45:13","slug":"fotboll-ayoub-el-kaabi-oppnade-afrikanska-masterskapen-med-drommal","status":"publish","type":"post","link":"https:\/\/www.europesays.com\/se\/113555\/","title":{"rendered":"Fotboll: Ayoub El Kaabi \u00f6ppnade Afrikanska m\u00e4sterskapen med dr\u00f6mm\u00e5l"},"content":{"rendered":"<p>Se Ayoub El Kaabis dr\u00f6mm\u00e5l f\u00f6r Marocko.<\/p>\n<p>Anfallaren kombinerade med Anass Salah-Eddine som l\u00e4ckert chippade in bollen i straffomr\u00e5det.<\/p>\n<p>D\u00e4r d\u00f6k Ayoub El Kaabi upp och hann v\u00e4nda sig innan han m\u00f6tte bollen med en cykelspark, som satt otagbart i m\u00e5lvaktens ena h\u00f6rn.<\/p>\n<p>\u2013 Wow! Det \u00e4r sensationellt. Det d\u00e4r \u00e4r lysande, s\u00e4ger kommentatorn i SABC:s s\u00e4ndning.<\/p>\n<p>Marocko inledde d\u00e4rmed m\u00e4sterskapet p\u00e5 hemmaplan med en 2\u20130-seger. Matchens f\u00f6rsta m\u00e5l gjorde Real Madrids Brahim Diaz. De hann dessutom missa en straff i m\u00f6tet.<\/p>\n","protected":false},"excerpt":{"rendered":"Se Ayoub El Kaabis dr\u00f6mm\u00e5l f\u00f6r Marocko. Anfallaren kombinerade med Anass Salah-Eddine som l\u00e4ckert chippade in bollen i&hellip;\n","protected":false},"author":2,"featured_media":113556,"comment_status":"","ping_status":"","sticky":false,"template":"","format":"standard","meta":{"footnotes":""},"categories":[5],"tags":[22,23,26,27,17,21,24,25,28,29,15,16,18,34,31,33,32,30,19,20],"class_list":{"0":"post-113555","1":"post","2":"type-post","3":"status-publish","4":"format-standard","5":"has-post-thumbnail","7":"category-rubriker","8":"tag-breaking-news","9":"tag-breakingnews","10":"tag-featured-news","11":"tag-featurednews","12":"tag-headlines","13":"tag-huvudnyheter","14":"tag-latest-news","15":"tag-latestnews","16":"tag-main-news","17":"tag-mainnews","18":"tag-news","19":"tag-nyheter","20":"tag-rubriker","21":"tag-se","22":"tag-svenska","23":"tag-sverige","24":"tag-sweden","25":"tag-swedish","26":"tag-top-stories","27":"tag-topstories"},"share_on_mastodon":{"url":"https:\/\/pubeurope.com\/@se\/115762110319929323","error":""},"_links":{"self":[{"href":"https:\/\/www.europesays.com\/se\/wp-json\/wp\/v2\/posts\/113555","targetHints":{"allow":["GET"]}}],"collection":[{"href":"https:\/\/www.europesays.com\/se\/wp-json\/wp\/v2\/posts"}],"about":[{"href":"https:\/\/www.europesays.com\/se\/wp-json\/wp\/v2\/types\/post"}],"author":[{"embeddable":true,"href":"https:\/\/www.europesays.com\/se\/wp-json\/wp\/v2\/users\/2"}],"replies":[{"embeddable":true,"href":"https:\/\/www.europesays.com\/se\/wp-json\/wp\/v2\/comments?post=113555"}],"version-history":[{"count":0,"href":"https:\/\/www.europesays.com\/se\/wp-json\/wp\/v2\/posts\/113555\/revisions"}],"wp:featuredmedia":[{"embeddable":true,"href":"https:\/\/www.europesays.com\/se\/wp-json\/wp\/v2\/media\/113556"}],"wp:attachment":[{"href":"https:\/\/www.europesays.com\/se\/wp-json\/wp\/v2\/media?parent=113555"}],"wp:term":[{"taxonomy":"category","embeddable":true,"href":"https:\/\/www.europesays.com\/se\/wp-json\/wp\/v2\/categories?post=113555"},{"taxonomy":"post_tag","embeddable":true,"href":"https:\/\/www.europesays.com\/se\/wp-json\/wp\/v2\/tags?post=113555"}],"curies":[{"name":"wp","href":"https:\/\/api.w.org\/{rel}","templated":true}]}}