{"id":113570,"date":"2025-12-22T08:01:14","date_gmt":"2025-12-22T08:01:14","guid":{"rendered":"https:\/\/www.europesays.com\/se\/113570\/"},"modified":"2025-12-22T08:01:14","modified_gmt":"2025-12-22T08:01:14","slug":"ukrainska-dronarpiloten-fienden-sover-aldrig","status":"publish","type":"post","link":"https:\/\/www.europesays.com\/se\/113570\/","title":{"rendered":"Ukrainska dr\u00f6narpiloten: Fienden sover aldrig"},"content":{"rendered":"<p>Ukrainska f\u00f6rband jobbar n\u00e4tterna igenom med att uppt\u00e4cka och skjuta ner ryska dr\u00f6nare, rapporterar AP som bes\u00f6kt en av grupperna.<\/p>\n<p>\u2013 Varje m\u00e5l vi f\u00f6rst\u00f6r \u00e4r ett som inte n\u00e5r fram till v\u00e5ra hem, v\u00e5ra familjer eller v\u00e5ra kraftstationer. Fienden sover aldrig, och det kan inte vi heller g\u00f6ra, s\u00e4ger f\u00f6rbandets bef\u00e4lhavare som g\u00e5r under namnet \u201dLoi\u201d.<\/p>\n<p>Enligt honom r\u00e5der en kapprustning d\u00e4r Ukrainas dr\u00f6narf\u00f6rsvar blir allt b\u00e4ttre och billigare, samtidigt som de ryska sj\u00e4lvmordsdr\u00f6narna flyger allt snabbare och allt h\u00f6gre.<\/p>\n<p>Omni \u00e4r politiskt obundna och oberoende. Vi str\u00e4var efter att ge fler perspektiv p\u00e5 nyheterna. Har du fr\u00e5gor eller synpunkter kring v\u00e5r rapportering? <a href=\"https:\/\/omni.se\/ukrainska-dronarpiloten-fienden-sover-aldrig\/a\/mailto:redaktion@omni.se\" class=\"ArticleActions_contactLink__W2F1M\" rel=\"nofollow noopener\" target=\"_blank\">Kontakta redaktionen<\/a><\/p>\n","protected":false},"excerpt":{"rendered":"Ukrainska f\u00f6rband jobbar n\u00e4tterna igenom med att uppt\u00e4cka och skjuta ner ryska dr\u00f6nare, rapporterar AP som bes\u00f6kt en&hellip;\n","protected":false},"author":2,"featured_media":113571,"comment_status":"","ping_status":"","sticky":false,"template":"","format":"standard","meta":{"footnotes":""},"categories":[14],"tags":[22,23,267,26,27,17,21,24,25,28,29,15,16,18,269,264,34,31,33,32,30,19,20,263,51,52,53,54],"class_list":{"0":"post-113570","1":"post","2":"type-post","3":"status-publish","4":"format-standard","5":"has-post-thumbnail","7":"category-varlden","8":"tag-breaking-news","9":"tag-breakingnews","10":"tag-europa","11":"tag-featured-news","12":"tag-featurednews","13":"tag-headlines","14":"tag-huvudnyheter","15":"tag-latest-news","16":"tag-latestnews","17":"tag-main-news","18":"tag-mainnews","19":"tag-news","20":"tag-nyheter","21":"tag-rubriker","22":"tag-ryska-invasionen","23":"tag-ryssland","24":"tag-se","25":"tag-svenska","26":"tag-sverige","27":"tag-sweden","28":"tag-swedish","29":"tag-top-stories","30":"tag-topstories","31":"tag-ukraina","32":"tag-varlden","33":"tag-world","34":"tag-world-news","35":"tag-worldnews"},"share_on_mastodon":{"url":"https:\/\/pubeurope.com\/@se\/115762173317569556","error":""},"_links":{"self":[{"href":"https:\/\/www.europesays.com\/se\/wp-json\/wp\/v2\/posts\/113570","targetHints":{"allow":["GET"]}}],"collection":[{"href":"https:\/\/www.europesays.com\/se\/wp-json\/wp\/v2\/posts"}],"about":[{"href":"https:\/\/www.europesays.com\/se\/wp-json\/wp\/v2\/types\/post"}],"author":[{"embeddable":true,"href":"https:\/\/www.europesays.com\/se\/wp-json\/wp\/v2\/users\/2"}],"replies":[{"embeddable":true,"href":"https:\/\/www.europesays.com\/se\/wp-json\/wp\/v2\/comments?post=113570"}],"version-history":[{"count":0,"href":"https:\/\/www.europesays.com\/se\/wp-json\/wp\/v2\/posts\/113570\/revisions"}],"wp:featuredmedia":[{"embeddable":true,"href":"https:\/\/www.europesays.com\/se\/wp-json\/wp\/v2\/media\/113571"}],"wp:attachment":[{"href":"https:\/\/www.europesays.com\/se\/wp-json\/wp\/v2\/media?parent=113570"}],"wp:term":[{"taxonomy":"category","embeddable":true,"href":"https:\/\/www.europesays.com\/se\/wp-json\/wp\/v2\/categories?post=113570"},{"taxonomy":"post_tag","embeddable":true,"href":"https:\/\/www.europesays.com\/se\/wp-json\/wp\/v2\/tags?post=113570"}],"curies":[{"name":"wp","href":"https:\/\/api.w.org\/{rel}","templated":true}]}}