{"id":113582,"date":"2025-12-22T08:18:06","date_gmt":"2025-12-22T08:18:06","guid":{"rendered":"https:\/\/www.europesays.com\/se\/113582\/"},"modified":"2025-12-22T08:18:06","modified_gmt":"2025-12-22T08:18:06","slug":"8-sidor-tips-om-en-norsk-jul","status":"publish","type":"post","link":"https:\/\/www.europesays.com\/se\/113582\/","title":{"rendered":"8 Sidor &#8211; Tips om en norsk jul"},"content":{"rendered":"<p>Nu \u00e4r det jul och ny\u00e5r.<br \/><strong>8 Sidor<\/strong> tipsar om en norsk film<br \/>och andra saker du kan se,<br \/>l\u00e4sa eller g\u00f6ra om du \u00e4r ledig.<\/p>\n<p><strong>Stargate \u2013 en julber\u00e4ttelse<\/strong><br \/><strong>av Ida Sagmo Tvedte<br \/><\/strong>Den h\u00e4r sagan var f\u00f6rst<br \/>en popul\u00e4r norsk bok.<br \/>Nu \u00e4r den en hyllad norsk film.<br \/>Filmen g\u00e5r p\u00e5 bio just nu.<br \/>Vi m\u00f6ter 10-\u00e5riga Ronja,<br \/>hennes syster och deras pappa.<br \/>Pappan \u00e4r sn\u00e4ll.<br \/>Men han sitter helst p\u00e5 krogen<br \/>Stargate och dricker alkohol.<br \/>Om systrarna vill ha jul<br \/>f\u00e5r de ordna den sj\u00e4lva.<br \/>Som tur \u00e4r har de en sn\u00e4ll granne.<\/p>\n<p><strong>Sarah Green<\/strong><\/p>\n<p><strong>Sunes jul p\u00e5 SVT Play\u00a0<\/strong><br \/>Sunes jul kom \u00e5r 1991.<br \/>D\u00e5 var den \u00e5rets julkalender.<br \/>Serien g\u00e5r fortfarande att se p\u00e5 tv.<br \/><strong>Sunes jul<\/strong> handlar om Sune<br \/>och hans galna familj.<br \/>De ska fira en lugn och sk\u00f6n jul.<br \/>Men det mesta blir fel.<br \/>Roligast \u00e4r n\u00e4r Sunes pappa<br \/>ska koka kn\u00e4ck.<br \/>Men kn\u00e4cken kokar \u00f6ver.<br \/><strong>Sunes jul<\/strong> finns<br \/>att se p\u00e5 <a href=\"https:\/\/www.svtplay.se\/sunes-jul\" target=\"_blank\" rel=\"noopener nofollow\">SVT Play<\/a>.<\/p>\n<p><strong>Katrin Kasstr\u00f6m<\/strong><\/p>\n<p><strong>Nya dikter av Verner von Heidenstam<\/strong><br \/>Verner von Heidenstam<br \/>var en svensk poet.<br \/>Han vann Nobels pris<br \/>f\u00f6r litteratur \u00e5r 1916.<\/p>\n<p>Verner von Heidenstam<br \/>har skrivit m\u00e5nga<br \/>vackra dikter<br \/>p\u00e5 svenska.<br \/>I boken <strong>Nya dikter<\/strong> fr\u00e5n \u00e5r 1915<br \/>kan du l\u00e4sa flera av dem.<br \/>Boken finns att l\u00e4sa gratis<br \/>p\u00e5 sajten <a href=\"https:\/\/litteraturbanken.se\/\" target=\"_blank\" rel=\"noopener nofollow\">litteraturbanken.se<\/a>.<br \/>Kanske saknar du en d\u00f6d<br \/>sl\u00e4kting n\u00e4r det \u00e4r jul.<br \/>D\u00e5 kan dikten<br \/><strong>V\u00e5rens tid<\/strong> ge tr\u00f6st.<\/p>\n<p><strong>Anton Andersson<\/strong><\/p>\n<p><strong>Skivan Lars Christmas<\/strong><br \/><strong>av Lars Vegas Trio<\/strong><br \/>H\u00e4r \u00e4r ett tips om du<br \/>vill ha roligt i jul.<br \/>D\u00e5 ska du lyssna p\u00e5 en skiva<br \/>som heter <strong>Lars Christmas<\/strong>.<br \/>Det \u00e4r gruppen<br \/>Lars Vegas Trio som har gjort den.<br \/>Skivan har m\u00e5nga roliga<br \/>l\u00e5tar om julen.<br \/>Men det allra roligaste<br \/>\u00e4r n\u00e4r gruppen pratar<br \/>mellan l\u00e5tarna, tycker jag.<br \/>Lyssna p\u00e5 <strong>Julspel<\/strong>, <strong>Gl\u00f6ggrecept<\/strong><br \/>och <strong>Julklappsrim<\/strong>.<br \/>God jul!<\/p>\n<p><strong>Martin Hanberg<\/strong><\/p>\n<p><strong>JVM i ishockey p\u00e5 SVT\u00a0<\/strong><br \/>Den 26 december b\u00f6rjar<br \/>VM i ishockey f\u00f6r juniorer, JVM.<br \/>Det \u00e4r en t\u00e4vling f\u00f6r pojkar upp till 19 \u00e5r.<br \/>JVM \u00e4r varje ju och ny\u00e5r.<br \/>Sverige har vunnit tv\u00e5 g\u00e5nger.<br \/>F\u00f6rra \u00e5ret blev de fyra.<br \/>Sveriges f\u00f6rsta match \u00e4r mot Slovakien.<br \/>Den b\u00f6rjar klockan 19.00<br \/>den 26 december.<br \/>SVT och SVT Play visar<br \/>alla Sveriges matcher i JVM.<\/p>\n<p><strong>Lars Sj\u00f6stedt<\/strong><\/p>\n<p><strong>L\u00e5ten Last Christmas med Wham<\/strong><br \/>F\u00f6r mig \u00e4r jul musik.<br \/>Det \u00e4r mysigt att sjunga s\u00e5ngen<br \/><strong>Nu t\u00e4ndas tusen juleljus<\/strong><br \/>i en kyrka.<br \/>Du kan ocks\u00e5 lyssna p\u00e5 Spotify<br \/>och sjunga med. Testa!<\/p>\n<p>L\u00e5ten <strong>Last Christmas<\/strong> med Wham!<br \/>har jag lyssnat p\u00e5 varje jul<br \/>sedan den kom.<br \/>L\u00e5ten \u00e4r lika gammal<br \/>som <strong>8 Sidor<\/strong>, 41 \u00e5r.<br \/>Titta p\u00e5 <a href=\"https:\/\/www.youtube.com\/watch?v=E8gmARGvPlI&amp;list=RDE8gmARGvPlI&amp;start_radio=1\" target=\"_blank\" rel=\"noopener nofollow\">l\u00e5tens video<\/a> p\u00e5 Youtube.<br \/>Se kompisarna som firar jul,<br \/>leker i sn\u00f6n och n\u00e5gon<br \/>som \u00e4r ledsen<br \/>av olycklig k\u00e4rlek.<\/p>\n<p><strong>Marie Hillblom<\/strong><\/p>\n","protected":false},"excerpt":{"rendered":"Nu \u00e4r det jul och ny\u00e5r.8 Sidor tipsar om en norsk filmoch andra saker du kan se,l\u00e4sa eller&hellip;\n","protected":false},"author":2,"featured_media":113583,"comment_status":"","ping_status":"","sticky":false,"template":"","format":"standard","meta":{"footnotes":""},"categories":[12],"tags":[22,23,26,27,17,21,24,25,28,29,15,16,18,34,31,33,32,30,19,20],"class_list":{"0":"post-113582","1":"post","2":"type-post","3":"status-publish","4":"format-standard","5":"has-post-thumbnail","7":"category-sverige","8":"tag-breaking-news","9":"tag-breakingnews","10":"tag-featured-news","11":"tag-featurednews","12":"tag-headlines","13":"tag-huvudnyheter","14":"tag-latest-news","15":"tag-latestnews","16":"tag-main-news","17":"tag-mainnews","18":"tag-news","19":"tag-nyheter","20":"tag-rubriker","21":"tag-se","22":"tag-svenska","23":"tag-sverige","24":"tag-sweden","25":"tag-swedish","26":"tag-top-stories","27":"tag-topstories"},"share_on_mastodon":{"url":"https:\/\/pubeurope.com\/@se\/115762240146354826","error":""},"_links":{"self":[{"href":"https:\/\/www.europesays.com\/se\/wp-json\/wp\/v2\/posts\/113582","targetHints":{"allow":["GET"]}}],"collection":[{"href":"https:\/\/www.europesays.com\/se\/wp-json\/wp\/v2\/posts"}],"about":[{"href":"https:\/\/www.europesays.com\/se\/wp-json\/wp\/v2\/types\/post"}],"author":[{"embeddable":true,"href":"https:\/\/www.europesays.com\/se\/wp-json\/wp\/v2\/users\/2"}],"replies":[{"embeddable":true,"href":"https:\/\/www.europesays.com\/se\/wp-json\/wp\/v2\/comments?post=113582"}],"version-history":[{"count":0,"href":"https:\/\/www.europesays.com\/se\/wp-json\/wp\/v2\/posts\/113582\/revisions"}],"wp:featuredmedia":[{"embeddable":true,"href":"https:\/\/www.europesays.com\/se\/wp-json\/wp\/v2\/media\/113583"}],"wp:attachment":[{"href":"https:\/\/www.europesays.com\/se\/wp-json\/wp\/v2\/media?parent=113582"}],"wp:term":[{"taxonomy":"category","embeddable":true,"href":"https:\/\/www.europesays.com\/se\/wp-json\/wp\/v2\/categories?post=113582"},{"taxonomy":"post_tag","embeddable":true,"href":"https:\/\/www.europesays.com\/se\/wp-json\/wp\/v2\/tags?post=113582"}],"curies":[{"name":"wp","href":"https:\/\/api.w.org\/{rel}","templated":true}]}}