{"id":113584,"date":"2025-12-22T08:19:08","date_gmt":"2025-12-22T08:19:08","guid":{"rendered":"https:\/\/www.europesays.com\/se\/113584\/"},"modified":"2025-12-22T08:19:08","modified_gmt":"2025-12-22T08:19:08","slug":"stockholmsborsen-inleder-pa-plus-viscaria-rusar","status":"publish","type":"post","link":"https:\/\/www.europesays.com\/se\/113584\/","title":{"rendered":"Stockholmsb\u00f6rsen inleder p\u00e5 plus \u2013 Viscaria rusar"},"content":{"rendered":"<p>Stockholmsb\u00f6rsen inleder veckan p\u00e5 sm\u00e5 plus efter den muntra avslutningen p\u00e5 Wall Street i f\u00f6rra veckan. N\u00e5gra minuter efter \u00f6ppning ser det ut s\u00e5 h\u00e4r: <\/p>\n<p>\u2022 OMXSPI: +0,2%<br \/>\u2022 OMXS30: +0,2%<\/p>\n<p>Riskkapitalj\u00e4tten EQT meddelar under morgonen att man k\u00f6per Arlanda Express-operat\u00f6ren A-Train. Aktien stiger knappt 1 procent. <\/p>\n<p>Byggj\u00e4tten Skanska har f\u00e5tt ett kontrakt v\u00e4rt 1,1 miljarder kronor f\u00f6r ett motorv\u00e4gsbygge i USA. Bolaget s\u00e4ljer \u00e4ven tv\u00e5 kontorsbyggnader i K\u00f6penhamn f\u00f6r 1,5 miljarder kronor. Aktien \u00e4r upp 1 procent. <\/p>\n<p>Intrum tar en nedskrivning p\u00e5 drygt 3 miljarder kronor som bokf\u00f6rs i fj\u00e4rde kvartalet. Aktien stiger trots det 1,5 procent. <\/p>\n<p>P\u00e5 analysfronten inleder Handelsbanken bevakning av gruvbolaget Viscaria. Banken k\u00f6pst\u00e4mplar aktien och s\u00e4tter riktkursen 27 kronor, motsvarande en uppsida p\u00e5 runt 80 procent fr\u00e5n fredagens st\u00e4ngningskurs. Aktien rusar tv\u00e5siffrigt. <\/p>\n<p>Medicinteknikbolaget Vitrolife lyfter 4 procent efter ett k\u00f6pr\u00e5d fr\u00e5n DI. <\/p>\n<p>Texten uppdateras. <\/p>\n<p>New York-b\u00f6rserna i g\u00e5r<br \/>S&amp;P 500: +0,9%<br \/>Nasdaq: +1,3%<br \/>Dow Jones: +0,4%<\/p>\n<p>Omni \u00e4r politiskt obundna och oberoende. Vi str\u00e4var efter att ge fler perspektiv p\u00e5 nyheterna. Har du fr\u00e5gor eller synpunkter kring v\u00e5r rapportering? <a href=\"https:\/\/omni.se\/stockholmsborsen-gar-mot-smasur-start\/a\/mailto:redaktion@omni.se\" class=\"ArticleActions_contactLink__W2F1M\" rel=\"nofollow noopener\" target=\"_blank\">Kontakta redaktionen<\/a><\/p>\n","protected":false},"excerpt":{"rendered":"Stockholmsb\u00f6rsen inleder veckan p\u00e5 sm\u00e5 plus efter den muntra avslutningen p\u00e5 Wall Street i f\u00f6rra veckan. N\u00e5gra minuter&hellip;\n","protected":false},"author":2,"featured_media":113585,"comment_status":"","ping_status":"","sticky":false,"template":"","format":"standard","meta":{"footnotes":""},"categories":[5],"tags":[22,23,6459,26,27,17,21,24,25,28,29,15,16,18,34,2637,467,31,33,32,30,19,20],"class_list":{"0":"post-113584","1":"post","2":"type-post","3":"status-publish","4":"format-standard","5":"has-post-thumbnail","7":"category-rubriker","8":"tag-breaking-news","9":"tag-breakingnews","10":"tag-eqt","11":"tag-featured-news","12":"tag-featurednews","13":"tag-headlines","14":"tag-huvudnyheter","15":"tag-latest-news","16":"tag-latestnews","17":"tag-main-news","18":"tag-mainnews","19":"tag-news","20":"tag-nyheter","21":"tag-rubriker","22":"tag-se","23":"tag-skanska","24":"tag-stockholmsborsen","25":"tag-svenska","26":"tag-sverige","27":"tag-sweden","28":"tag-swedish","29":"tag-top-stories","30":"tag-topstories"},"share_on_mastodon":{"url":"https:\/\/pubeurope.com\/@se\/115762244041419018","error":""},"_links":{"self":[{"href":"https:\/\/www.europesays.com\/se\/wp-json\/wp\/v2\/posts\/113584","targetHints":{"allow":["GET"]}}],"collection":[{"href":"https:\/\/www.europesays.com\/se\/wp-json\/wp\/v2\/posts"}],"about":[{"href":"https:\/\/www.europesays.com\/se\/wp-json\/wp\/v2\/types\/post"}],"author":[{"embeddable":true,"href":"https:\/\/www.europesays.com\/se\/wp-json\/wp\/v2\/users\/2"}],"replies":[{"embeddable":true,"href":"https:\/\/www.europesays.com\/se\/wp-json\/wp\/v2\/comments?post=113584"}],"version-history":[{"count":0,"href":"https:\/\/www.europesays.com\/se\/wp-json\/wp\/v2\/posts\/113584\/revisions"}],"wp:featuredmedia":[{"embeddable":true,"href":"https:\/\/www.europesays.com\/se\/wp-json\/wp\/v2\/media\/113585"}],"wp:attachment":[{"href":"https:\/\/www.europesays.com\/se\/wp-json\/wp\/v2\/media?parent=113584"}],"wp:term":[{"taxonomy":"category","embeddable":true,"href":"https:\/\/www.europesays.com\/se\/wp-json\/wp\/v2\/categories?post=113584"},{"taxonomy":"post_tag","embeddable":true,"href":"https:\/\/www.europesays.com\/se\/wp-json\/wp\/v2\/tags?post=113584"}],"curies":[{"name":"wp","href":"https:\/\/api.w.org\/{rel}","templated":true}]}}