{"id":113594,"date":"2025-12-22T08:27:07","date_gmt":"2025-12-22T08:27:07","guid":{"rendered":"https:\/\/www.europesays.com\/se\/113594\/"},"modified":"2025-12-22T08:27:07","modified_gmt":"2025-12-22T08:27:07","slug":"kvinnor-lagg-upp-benen-i-soffan-pa-julen","status":"publish","type":"post","link":"https:\/\/www.europesays.com\/se\/113594\/","title":{"rendered":"\u201dKvinnor, l\u00e4gg upp benen i soffan p\u00e5 julen\u201d"},"content":{"rendered":"<p>Dan f\u00f6re dan f\u00f6re dopparedan \u2013 och julst\u00e4mningen kryper in p\u00e5 ledarsidorna. Aftonbladets Lina Stenberg konstaterar att stressniv\u00e5n h\u00f6js ytterligare ett steg f\u00f6r landets kvinnor. Hon h\u00e4nvisar till en unders\u00f6kning d\u00e4r \u00e5tta av tio mammor s\u00e4ger att de \u00e4r julens projektledare.<\/p>\n<p>\u201dKvinnor, l\u00e4gg upp benen i soffan och njut. Julstrejken b\u00f6rjar nu\u201d, skriver Stenberg.<\/p>\n<p>Sydsvenskans ledarsida konstaterar att andelen av befolkningen som lever i materiell och social fattigdom har \u00f6kat under 2020-talet \u2013 och att m\u00e5nga kanske v\u00e4ljer billiga kinesiska varor f\u00f6r att alls ha r\u00e5d med klappar. <\/p>\n<p>Tidningen undrar om inte julen kan firas med lite mer \u201dvarm gemenskap och lite f\u00e4rre julklappar, mer umg\u00e4nge och mindre k\u00f6phets\u201d.<\/p>\n<p>Omnis ledarsvep utg\u00e5r fr\u00e5n de st\u00f6rsta ledarsidorna i Sverige. Urvalet varierar dagligen. <\/p>\n<p>Omni \u00e4r politiskt obundna och oberoende. Vi str\u00e4var efter att ge fler perspektiv p\u00e5 nyheterna. Har du fr\u00e5gor eller synpunkter kring v\u00e5r rapportering? <a href=\"https:\/\/omni.se\/ledare-kvinnor-lagg-upp-benen-i-soffan-pa-julen\/a\/mailto:redaktion@omni.se\" class=\"ArticleActions_contactLink__W2F1M\" rel=\"nofollow noopener\" target=\"_blank\">Kontakta redaktionen<\/a><\/p>\n","protected":false},"excerpt":{"rendered":"Dan f\u00f6re dan f\u00f6re dopparedan \u2013 och julst\u00e4mningen kryper in p\u00e5 ledarsidorna. Aftonbladets Lina Stenberg konstaterar att stressniv\u00e5n&hellip;\n","protected":false},"author":2,"featured_media":113595,"comment_status":"","ping_status":"","sticky":false,"template":"","format":"standard","meta":{"footnotes":""},"categories":[5],"tags":[22,23,26,27,17,21,2288,4426,24,25,511,1633,28,29,15,16,18,34,31,33,32,30,19,20],"class_list":{"0":"post-113594","1":"post","2":"type-post","3":"status-publish","4":"format-standard","5":"has-post-thumbnail","7":"category-rubriker","8":"tag-breaking-news","9":"tag-breakingnews","10":"tag-featured-news","11":"tag-featurednews","12":"tag-headlines","13":"tag-huvudnyheter","14":"tag-jamstalldhet","15":"tag-jul","16":"tag-latest-news","17":"tag-latestnews","18":"tag-ledare","19":"tag-ledarsvepet","20":"tag-main-news","21":"tag-mainnews","22":"tag-news","23":"tag-nyheter","24":"tag-rubriker","25":"tag-se","26":"tag-svenska","27":"tag-sverige","28":"tag-sweden","29":"tag-swedish","30":"tag-top-stories","31":"tag-topstories"},"share_on_mastodon":{"url":"https:\/\/pubeurope.com\/@se\/115762275575011552","error":""},"_links":{"self":[{"href":"https:\/\/www.europesays.com\/se\/wp-json\/wp\/v2\/posts\/113594","targetHints":{"allow":["GET"]}}],"collection":[{"href":"https:\/\/www.europesays.com\/se\/wp-json\/wp\/v2\/posts"}],"about":[{"href":"https:\/\/www.europesays.com\/se\/wp-json\/wp\/v2\/types\/post"}],"author":[{"embeddable":true,"href":"https:\/\/www.europesays.com\/se\/wp-json\/wp\/v2\/users\/2"}],"replies":[{"embeddable":true,"href":"https:\/\/www.europesays.com\/se\/wp-json\/wp\/v2\/comments?post=113594"}],"version-history":[{"count":0,"href":"https:\/\/www.europesays.com\/se\/wp-json\/wp\/v2\/posts\/113594\/revisions"}],"wp:featuredmedia":[{"embeddable":true,"href":"https:\/\/www.europesays.com\/se\/wp-json\/wp\/v2\/media\/113595"}],"wp:attachment":[{"href":"https:\/\/www.europesays.com\/se\/wp-json\/wp\/v2\/media?parent=113594"}],"wp:term":[{"taxonomy":"category","embeddable":true,"href":"https:\/\/www.europesays.com\/se\/wp-json\/wp\/v2\/categories?post=113594"},{"taxonomy":"post_tag","embeddable":true,"href":"https:\/\/www.europesays.com\/se\/wp-json\/wp\/v2\/tags?post=113594"}],"curies":[{"name":"wp","href":"https:\/\/api.w.org\/{rel}","templated":true}]}}