{"id":113599,"date":"2025-12-22T08:35:07","date_gmt":"2025-12-22T08:35:07","guid":{"rendered":"https:\/\/www.europesays.com\/se\/113599\/"},"modified":"2025-12-22T08:35:07","modified_gmt":"2025-12-22T08:35:07","slug":"sammanfattning-av-forbundsstyrelsens-senaste-moten","status":"publish","type":"post","link":"https:\/\/www.europesays.com\/se\/113599\/","title":{"rendered":"Sammanfattning av f\u00f6rbundsstyrelsens senaste m\u00f6ten"},"content":{"rendered":"<p><strong>Ekonomi<\/strong><\/p>\n<p class=\"normal\">Ekonomi och verksamhetsplan var en av huvudpunkterna. F\u00f6rbundsstyrelsen har beslutat om verksamhetsplanen samt en budget f\u00f6r verksamhets\u00e5ret 2026 med ett underskott p\u00e5 2 000 tkr, vilket skapar utrymme f\u00f6r prioriterade satsningar. Generalsekreteraren f\u00e5r nu i uppdrag att ta fram en tydlig plan med konkreta m\u00e5l och indikatorer f\u00f6r att f\u00f6lja upp genomf\u00f6randet.<\/p>\n<p><strong>R\u00e5dgivande organ<\/strong><\/p>\n<p class=\"normal\">F\u00f6r att st\u00e4rka organisationen och skapa l\u00e5ngsiktighet beslutades att tre r\u00e5dgivande organ forts\u00e4tter under mandatperioden 2026\u20132027: <a href=\"https:\/\/ridsport.se\/om-oss\/organisation\/utskott-namnder-och-rad\" rel=\"nofollow noopener\" target=\"_blank\">H\u00e4stv\u00e4lf\u00e4rdsr\u00e5det, Trygghetsr\u00e5det och Juridiska utskottet.<\/a> Dessa r\u00e5d \u00e4r viktiga f\u00f6r att s\u00e4kerst\u00e4lla b\u00e5de h\u00e4stens v\u00e4lbefinnande, tryggheten f\u00f6r v\u00e5ra aktiva och juridisk kompetens i f\u00f6rbundet.<\/p>\n<p><strong>T\u00e4vlingsfr\u00e5gor<\/strong><\/p>\n<p class=\"normal\">Stort fokus p\u00e5 arrangemang och t\u00e4vlingsfr\u00e5gor. Bland annat klargjordes att regleringen av t\u00e4vlande f\u00f6r barn under 13 \u00e5r \u00e4r ett policybeslut som fram\u00e5t ska beredas i grenkommitt\u00e9erna. <\/p>\n<p><strong>Streaming<\/strong><\/p>\n<p class=\"normal\">En annan viktig fr\u00e5ga g\u00e4llde streaming av barn- och ungdomsidrott. <a href=\"https:\/\/www.rf.se\/download\/18.17c5deb319909b475bc2be91\/1756909806301\/Riktlinjer%20vid%20streaming%20av%20barn-%20och%20ungdomsidrott.pdf\" rel=\"external nofollow noopener\" target=\"_blank\">RF:s rekommendation L\u00e4nk till annan webbplats, \u00f6ppnas i nytt f\u00f6nster.<\/a> att avst\u00e5 fr\u00e5n streaming av barnidrott och hantera ungdomsidrott restriktivt lyftes fram som en viktig del i att v\u00e4rna integritet och trygghet. Ridsporten kommer nu att ta fram egna riktlinjer och forts\u00e4tta dialogen inom f\u00f6rbundet. <\/p>\n<p><strong>Trygghetsarbetet<\/strong><\/p>\n<p class=\"normal\">Trygghetsarbetet \u00e4r fortsatt h\u00f6gt prioriterat som strategiskt viktig och beh\u00f6ver en l\u00e5ngsiktig f\u00f6rankring i hela organisationen. Uppdraget att ta fram en trygghetsstrategi och handlingsplan ligger helt i linje med Ridsport 2030 och idrottens \u00f6vergripande m\u00e5l.<\/p>\n<p><strong>Marknadsanalys<\/strong><\/p>\n<p class=\"normal\">P\u00e5 marknadssidan presenterades en marknadsanalys fr\u00e5n ISP som visar stor potential att attrahera fler partners och \u00f6ka sponsorint\u00e4kterna. Analysen ger en tydlig karta \u00f6ver m\u00e5lgrupper och branscher med st\u00f6rst potential \u2013 ett viktigt steg f\u00f6r att st\u00e4rka ridsportens kommersiella utveckling. <\/p>\n<p><strong>H\u00e4stn\u00e4ringens Riksanl\u00e4ggningar \u2013 Flyinge och Str\u00f6msholm<\/strong><\/p>\n<p class=\"normal\">F\u00f6rbundsstyrelsen har f\u00e5tt en presentation om nul\u00e4ge och vision f\u00f6r riksanl\u00e4ggningarna Flyinge och Str\u00f6msholm. <br \/>Strategiplanen mot 2030 fokuserar p\u00e5 tillv\u00e4xt, l\u00f6nsamhet och utveckling av utbildningar. F\u00f6rbundsstyrelsens diskussion handlade om viljeinriktningen som grund f\u00f6r framtida beslut, f\u00f6rdelning av utbildningar mellan anl\u00e4ggningarna, ekonomiska och kapacitetsm\u00e4ssiga risker samt behovet av tydlighet kring ansvar och samverkan.<\/p>\n<p><strong>H\u00e4stutredning<\/strong><\/p>\n<p class=\"normal\">Slutligen informerades om att arbetet med h\u00e4stutredningen p\u00e5g\u00e5r, med fokus p\u00e5 utbildning, kompetensinsatser och tillg\u00e4nglighet. Remissvaren ska ha kommit in till Landsbygds- och infrastrukturdepartementet senast den 25 februari 2026.<\/p>\n","protected":false},"excerpt":{"rendered":"Ekonomi Ekonomi och verksamhetsplan var en av huvudpunkterna. F\u00f6rbundsstyrelsen har beslutat om verksamhetsplanen samt en budget f\u00f6r verksamhets\u00e5ret&hellip;\n","protected":false},"author":2,"featured_media":113600,"comment_status":"","ping_status":"","sticky":false,"template":"","format":"standard","meta":{"footnotes":""},"categories":[12],"tags":[22,23,26,27,17,21,24,25,28,29,15,16,18,34,31,33,32,30,19,20],"class_list":{"0":"post-113599","1":"post","2":"type-post","3":"status-publish","4":"format-standard","5":"has-post-thumbnail","7":"category-sverige","8":"tag-breaking-news","9":"tag-breakingnews","10":"tag-featured-news","11":"tag-featurednews","12":"tag-headlines","13":"tag-huvudnyheter","14":"tag-latest-news","15":"tag-latestnews","16":"tag-main-news","17":"tag-mainnews","18":"tag-news","19":"tag-nyheter","20":"tag-rubriker","21":"tag-se","22":"tag-svenska","23":"tag-sverige","24":"tag-sweden","25":"tag-swedish","26":"tag-top-stories","27":"tag-topstories"},"share_on_mastodon":{"url":"https:\/\/pubeurope.com\/@se\/115762306998948889","error":""},"_links":{"self":[{"href":"https:\/\/www.europesays.com\/se\/wp-json\/wp\/v2\/posts\/113599","targetHints":{"allow":["GET"]}}],"collection":[{"href":"https:\/\/www.europesays.com\/se\/wp-json\/wp\/v2\/posts"}],"about":[{"href":"https:\/\/www.europesays.com\/se\/wp-json\/wp\/v2\/types\/post"}],"author":[{"embeddable":true,"href":"https:\/\/www.europesays.com\/se\/wp-json\/wp\/v2\/users\/2"}],"replies":[{"embeddable":true,"href":"https:\/\/www.europesays.com\/se\/wp-json\/wp\/v2\/comments?post=113599"}],"version-history":[{"count":0,"href":"https:\/\/www.europesays.com\/se\/wp-json\/wp\/v2\/posts\/113599\/revisions"}],"wp:featuredmedia":[{"embeddable":true,"href":"https:\/\/www.europesays.com\/se\/wp-json\/wp\/v2\/media\/113600"}],"wp:attachment":[{"href":"https:\/\/www.europesays.com\/se\/wp-json\/wp\/v2\/media?parent=113599"}],"wp:term":[{"taxonomy":"category","embeddable":true,"href":"https:\/\/www.europesays.com\/se\/wp-json\/wp\/v2\/categories?post=113599"},{"taxonomy":"post_tag","embeddable":true,"href":"https:\/\/www.europesays.com\/se\/wp-json\/wp\/v2\/tags?post=113599"}],"curies":[{"name":"wp","href":"https:\/\/api.w.org\/{rel}","templated":true}]}}